{"id":217954,"date":"2025-11-17T10:00:00","date_gmt":"2025-11-17T09:00:00","guid":{"rendered":"https:\/\/www.growbarato.net\/blog\/?p=217954"},"modified":"2025-11-17T16:09:07","modified_gmt":"2025-11-17T15:09:07","slug":"tabac-a-priser-la-poudre-sacree-de-lamazonie-qui-eveille-le-corps-et-lesprit","status":"publish","type":"post","link":"https:\/\/www.gbthegreenbrand.fr\/blog\/tabac-a-priser-la-poudre-sacree-de-lamazonie-qui-eveille-le-corps-et-lesprit\/","title":{"rendered":"Tabac \u00e0 priser : la poudre sacr\u00e9e de l&rsquo;Amazonie qui \u00e9veille le corps et l&rsquo;esprit"},"content":{"rendered":"\n<p>Depuis quelques ann\u00e9es, le <strong>tabac \u00e0 priser<\/strong> suscite un regain d\u2019int\u00e9r\u00eat en dehors de ses contextes traditionnels. \u00c0 l\u2019origine, le tabac \u00e0 priser \u00e9tait utilis\u00e9 par les communaut\u00e9s indig\u00e8nes d\u2019Am\u00e9rique du Sud, en particulier dans la r\u00e9gion amazonienne. On estime que son usage remonte \u00e0 plusieurs mill\u00e9naires. \u00c0 cette \u00e9poque, le <strong>tabac \u00e0 priser<\/strong> \u00e9tait consid\u00e9r\u00e9 comme un <strong>outil sacr\u00e9 permettant la connexion avec le divin, l\u2019ouverture des canaux \u00e9nerg\u00e9tiques du corps et la gu\u00e9rison, tant physique que spirituelle<\/strong>.<\/p>\n\n\n\n<p>Cette <strong>poudre fine, compos\u00e9e de tabac et d\u2019autres plantes, n\u2019est ni fum\u00e9e ni m\u00e2ch\u00e9e : elle est inhal\u00e9e ou souffl\u00e9e par le nez<\/strong>, provoquant une r\u00e9action physique intense et un effet mental imm\u00e9diat.<br>Pour beaucoup, le <strong>tabac \u00e0 priser<\/strong> est <strong>un outil spirituel et de purification \u00e9nerg\u00e9tique<\/strong>, utilis\u00e9 lors de rituels chamaniques pour \u00ab ouvrir la vision \u00bb ou se reconnecter \u00e0 la terre. Pour d\u2019autres, il repr\u00e9sente une <strong>alternative au tabac traditionnel, sans fum\u00e9e ni combustion<\/strong>, mais avec une exp\u00e9rience sensorielle et m\u00e9ditative marqu\u00e9e.<\/p>\n\n\n\n<p>Cependant, au-del\u00e0 du symbolisme et de la curiosit\u00e9 culturelle, le <strong>tabac \u00e0 priser<\/strong> demeure un <strong>produit d\u00e9riv\u00e9 du tabac<\/strong>, contenant une forte teneur en nicotine et des effets physiologiques qu\u2019il convient de bien comprendre avant toute utilisation.<\/p>\n\n\n\n<div id=\"ez-toc-container\" class=\"ez-toc-v2_0_82_2 counter-hierarchy ez-toc-counter ez-toc-grey ez-toc-container-direction\">\n<label for=\"ez-toc-cssicon-toggle-item-69f2cd2bb821a\" class=\"ez-toc-cssicon-toggle-label\"><p class=\"ez-toc-title\" style=\"cursor:inherit\">Contenido<\/p>\n<span class=\"ez-toc-cssicon\"><span class=\"eztoc-hide\" style=\"display:none;\">Toggle<\/span><span class=\"ez-toc-icon-toggle-span\"><svg style=\"fill: #999;color:#999\" xmlns=\"http:\/\/www.w3.org\/2000\/svg\" class=\"list-377408\" width=\"20px\" height=\"20px\" viewBox=\"0 0 24 24\" fill=\"none\"><path d=\"M6 6H4v2h2V6zm14 0H8v2h12V6zM4 11h2v2H4v-2zm16 0H8v2h12v-2zM4 16h2v2H4v-2zm16 0H8v2h12v-2z\" fill=\"currentColor\"><\/path><\/svg><svg style=\"fill: #999;color:#999\" class=\"arrow-unsorted-368013\" xmlns=\"http:\/\/www.w3.org\/2000\/svg\" width=\"10px\" height=\"10px\" viewBox=\"0 0 24 24\" version=\"1.2\" baseProfile=\"tiny\"><path d=\"M18.2 9.3l-6.2-6.3-6.2 6.3c-.2.2-.3.4-.3.7s.1.5.3.7c.2.2.4.3.7.3h11c.3 0 .5-.1.7-.3.2-.2.3-.5.3-.7s-.1-.5-.3-.7zM5.8 14.7l6.2 6.3 6.2-6.3c.2-.2.3-.5.3-.7s-.1-.5-.3-.7c-.2-.2-.4-.3-.7-.3h-11c-.3 0-.5.1-.7.3-.2.2-.3.5-.3.7s.1.5.3.7z\"\/><\/svg><\/span><\/span><\/label><input type=\"checkbox\"  id=\"ez-toc-cssicon-toggle-item-69f2cd2bb821a\"  \/><nav><ul class='ez-toc-list ez-toc-list-level-1 ' ><li class='ez-toc-page-1 ez-toc-heading-level-2'><a class=\"ez-toc-link ez-toc-heading-1\" href=\"https:\/\/www.gbthegreenbrand.fr\/blog\/tabac-a-priser-la-poudre-sacree-de-lamazonie-qui-eveille-le-corps-et-lesprit\/#Quest-ce_que_le_tabac_a_priser\" >Qu\u2019est-ce que le tabac \u00e0 priser ?<\/a><ul class='ez-toc-list-level-3' ><li class='ez-toc-heading-level-3'><a class=\"ez-toc-link ez-toc-heading-2\" href=\"https:\/\/www.gbthegreenbrand.fr\/blog\/tabac-a-priser-la-poudre-sacree-de-lamazonie-qui-eveille-le-corps-et-lesprit\/#Comment_utiliser_le_tabac_a_priser\" >Comment utiliser le tabac \u00e0 priser<\/a><\/li><\/ul><\/li><li class='ez-toc-page-1 ez-toc-heading-level-2'><a class=\"ez-toc-link ez-toc-heading-3\" href=\"https:\/\/www.gbthegreenbrand.fr\/blog\/tabac-a-priser-la-poudre-sacree-de-lamazonie-qui-eveille-le-corps-et-lesprit\/#A_quoi_sert-il\" >\u00c0 quoi sert-il ?<\/a><ul class='ez-toc-list-level-3' ><li class='ez-toc-heading-level-3'><a class=\"ez-toc-link ez-toc-heading-4\" href=\"https:\/\/www.gbthegreenbrand.fr\/blog\/tabac-a-priser-la-poudre-sacree-de-lamazonie-qui-eveille-le-corps-et-lesprit\/#Usage_rituel_et_spirituel\" >Usage rituel et spirituel<\/a><\/li><li class='ez-toc-page-1 ez-toc-heading-level-3'><a class=\"ez-toc-link ez-toc-heading-5\" href=\"https:\/\/www.gbthegreenbrand.fr\/blog\/tabac-a-priser-la-poudre-sacree-de-lamazonie-qui-eveille-le-corps-et-lesprit\/#Usage_therapeutique_et_meditatif\" >Usage th\u00e9rapeutique et m\u00e9ditatif<\/a><\/li><li class='ez-toc-page-1 ez-toc-heading-level-3'><a class=\"ez-toc-link ez-toc-heading-6\" href=\"https:\/\/www.gbthegreenbrand.fr\/blog\/tabac-a-priser-la-poudre-sacree-de-lamazonie-qui-eveille-le-corps-et-lesprit\/#Usage_recreatif_ou_alternatif\" >Usage r\u00e9cr\u00e9atif ou alternatif<\/a><\/li><\/ul><\/li><li class='ez-toc-page-1 ez-toc-heading-level-2'><a class=\"ez-toc-link ez-toc-heading-7\" href=\"https:\/\/www.gbthegreenbrand.fr\/blog\/tabac-a-priser-la-poudre-sacree-de-lamazonie-qui-eveille-le-corps-et-lesprit\/#Effets_du_tabac_a_priser\" >Effets du tabac \u00e0 priser<\/a><\/li><li class='ez-toc-page-1 ez-toc-heading-level-2'><a class=\"ez-toc-link ez-toc-heading-8\" href=\"https:\/\/www.gbthegreenbrand.fr\/blog\/tabac-a-priser-la-poudre-sacree-de-lamazonie-qui-eveille-le-corps-et-lesprit\/#Effets_immediats\" >Effets imm\u00e9diats<\/a><ul class='ez-toc-list-level-3' ><li class='ez-toc-heading-level-3'><a class=\"ez-toc-link ez-toc-heading-9\" href=\"https:\/\/www.gbthegreenbrand.fr\/blog\/tabac-a-priser-la-poudre-sacree-de-lamazonie-qui-eveille-le-corps-et-lesprit\/#Effets_prolonges_et_risques_lies_au_tabac_a_priser\" >Effets prolong\u00e9s et risques li\u00e9s au tabac \u00e0 priser<\/a><\/li><\/ul><\/li><li class='ez-toc-page-1 ez-toc-heading-level-2'><a class=\"ez-toc-link ez-toc-heading-10\" href=\"https:\/\/www.gbthegreenbrand.fr\/blog\/tabac-a-priser-la-poudre-sacree-de-lamazonie-qui-eveille-le-corps-et-lesprit\/#Comparaison_entre_tabac_a_priser_et_autres_produits_du_tabac_sans_combustion\" >Comparaison entre tabac \u00e0 priser et autres produits du tabac sans combustion<\/a><\/li><li class='ez-toc-page-1 ez-toc-heading-level-2'><a class=\"ez-toc-link ez-toc-heading-11\" href=\"https:\/\/www.gbthegreenbrand.fr\/blog\/tabac-a-priser-la-poudre-sacree-de-lamazonie-qui-eveille-le-corps-et-lesprit\/#FAQ_sur_le_tabac_a_priser\" >FAQ sur le tabac \u00e0 priser<\/a><ul class='ez-toc-list-level-3' ><li class='ez-toc-heading-level-3'><a class=\"ez-toc-link ez-toc-heading-12\" href=\"https:\/\/www.gbthegreenbrand.fr\/blog\/tabac-a-priser-la-poudre-sacree-de-lamazonie-qui-eveille-le-corps-et-lesprit\/#A_quelle_frequence_peut-on_utiliser_le_tabac_a_priser_sans_danger\" >\u00c0 quelle fr\u00e9quence peut-on utiliser le tabac \u00e0 priser sans danger&nbsp;?<\/a><\/li><li class='ez-toc-page-1 ez-toc-heading-level-3'><a class=\"ez-toc-link ez-toc-heading-13\" href=\"https:\/\/www.gbthegreenbrand.fr\/blog\/tabac-a-priser-la-poudre-sacree-de-lamazonie-qui-eveille-le-corps-et-lesprit\/#Le_tabac_a_priser_peut-il_interagir_avec_des_medicaments_ou_des_traitements_medicaux\" >Le tabac \u00e0 priser peut-il interagir avec des m\u00e9dicaments ou des traitements m\u00e9dicaux&nbsp;?<\/a><\/li><li class='ez-toc-page-1 ez-toc-heading-level-3'><a class=\"ez-toc-link ez-toc-heading-14\" href=\"https:\/\/www.gbthegreenbrand.fr\/blog\/tabac-a-priser-la-poudre-sacree-de-lamazonie-qui-eveille-le-corps-et-lesprit\/#Est-il_sur_dutiliser_du_tabac_a_priser_en_cas_de_sinusite_de_rhinite_ou_dasthme\" >Est-il s\u00fbr d\u2019utiliser du tabac \u00e0 priser en cas de sinusite, de rhinite ou d\u2019asthme&nbsp;?<\/a><\/li><li class='ez-toc-page-1 ez-toc-heading-level-3'><a class=\"ez-toc-link ez-toc-heading-15\" href=\"https:\/\/www.gbthegreenbrand.fr\/blog\/tabac-a-priser-la-poudre-sacree-de-lamazonie-qui-eveille-le-corps-et-lesprit\/#Peut-on_voyager_avec_du_tabac_a_priser_en_avion_ou_franchir_des_frontieres_sans_probleme\" >Peut-on voyager avec du tabac \u00e0 priser en avion ou franchir des fronti\u00e8res sans probl\u00e8me&nbsp;?<\/a><\/li><li class='ez-toc-page-1 ez-toc-heading-level-3'><a class=\"ez-toc-link ez-toc-heading-16\" href=\"https:\/\/www.gbthegreenbrand.fr\/blog\/tabac-a-priser-la-poudre-sacree-de-lamazonie-qui-eveille-le-corps-et-lesprit\/#Combien_de_temps_le_tabac_a_priser_se_conserve-t-il_en_bon_etat_apres_ouverture\" >Combien de temps le tabac \u00e0 priser se conserve-t-il en bon \u00e9tat apr\u00e8s ouverture&nbsp;?<\/a><\/li><\/ul><\/li><\/ul><\/nav><\/div>\n<h2 class=\"wp-block-heading\"><span class=\"ez-toc-section\" id=\"Quest-ce_que_le_tabac_a_priser\"><\/span>Qu\u2019est-ce que le tabac \u00e0 priser ?<span class=\"ez-toc-section-end\"><\/span><\/h2>\n\n\n\n<p>Le <strong>tabac \u00e0 priser<\/strong>, \u00e9galement appel\u00e9 <strong>tabac \u00e0 aspirer<\/strong>, est un m\u00e9lange de <strong>tabac finement moulu<\/strong>, souvent combin\u00e9 \u00e0 <strong>des cendres v\u00e9g\u00e9tales ou \u00e0 des extraits de plantes m\u00e9dicinales<\/strong>, utilis\u00e9 traditionnellement dans les rituels amazoniens. Son nom provient du mot fran\u00e7ais \u00ab r\u00e2p\u00e9 \u00bb, signifiant \u00ab r\u00e2p\u00e9 \u00bb ou \u00ab moulu \u00bb, en r\u00e9f\u00e9rence \u00e0 sa texture en poudre.<\/p>\n\n\n\n<p>En pratique, <strong>il est principalement pr\u00e9par\u00e9 \u00e0 partir des feuilles de Nicotiana tabacum ou de Nicotiana rustica<\/strong> (une vari\u00e9t\u00e9 contenant davantage de nicotine), qui sont s\u00e9ch\u00e9es, broy\u00e9es et m\u00e9lang\u00e9es \u00e0 d\u2019autres ingr\u00e9dients naturels. Le r\u00e9sultat est une poudre aromatique que l\u2019on <strong>inhale par le nez ou que l\u2019on souffle \u00e0 l\u2019aide d\u2019un petit tube sp\u00e9cial appel\u00e9 kuripe<\/strong> (pour un usage individuel) ou <strong>tepi<\/strong> (lorsqu\u2019il est administr\u00e9 par une autre personne).<\/p>\n\n\n<p>[ppgbo product=\u00a0\u00bb2660&Prime; language=\u00a0\u00bbfr\u00a0\u00bb]<\/p>\n\n\n\n<p>Il existe <strong>diff\u00e9rentes vari\u00e9t\u00e9s de tabac \u00e0 priser<\/strong>, chacune poss\u00e9dant ses propres caract\u00e9ristiques et propri\u00e9t\u00e9s. Parmi les plus connues, on trouve le <strong>tabac \u00e0 priser pur<\/strong>, le <strong>tabac \u00e0 priser enrichi en plantes m\u00e9dicinales<\/strong> ou encore celui aux <strong>ar\u00f4mes classiques comme la menthe ou l\u2019eucalyptus<\/strong>.<br>Contrairement au tabac \u00e0 fumer, <strong>le tabac \u00e0 priser n\u2019est ni br\u00fbl\u00e9 ni inhal\u00e9 en fum\u00e9e<\/strong>, il ne produit donc ni goudron ni monoxyde de carbone. <strong>Son absorption se fait directement \u00e0 travers les muqueuses nasales<\/strong>, produisant un effet rapide et intense.<\/p>\n\n\n<div class=\"wp-block-image\">\n<figure class=\"aligncenter size-full\"><img loading=\"lazy\" decoding=\"async\" width=\"1000\" height=\"450\" src=\"https:\/\/www.growbarato.net\/blog\/wp-content\/uploads\/2025\/11\/rape-tabaco-interior-BLOG-1.jpg\" alt=\"tabac \u00e0 priser fra\u00eechement moulu sur une table en pierre de marbre\" class=\"wp-image-217746\" srcset=\"https:\/\/www.gbthegreenbrand.fr\/blog\/wp-content\/uploads\/2025\/11\/rape-tabaco-interior-BLOG-1.jpg 1000w, https:\/\/www.gbthegreenbrand.fr\/blog\/wp-content\/uploads\/2025\/11\/rape-tabaco-interior-BLOG-1-300x135.jpg 300w, https:\/\/www.gbthegreenbrand.fr\/blog\/wp-content\/uploads\/2025\/11\/rape-tabaco-interior-BLOG-1-768x346.jpg 768w\" sizes=\"auto, (max-width: 1000px) 100vw, 1000px\" \/><\/figure>\n<\/div>\n\n\n<h3 class=\"wp-block-heading\"><span class=\"ez-toc-section\" id=\"Comment_utiliser_le_tabac_a_priser\"><\/span>Comment utiliser le tabac \u00e0 priser<span class=\"ez-toc-section-end\"><\/span><\/h3>\n\n\n\n<p><strong>Il existe deux principales fa\u00e7ons d\u2019administrer le tabac \u00e0 priser.<\/strong> La premi\u00e8re se fait \u00e0 l\u2019aide du <strong>kuripe<\/strong>, utilis\u00e9 pour un usage individuel. Ce petit tube en forme de \u00ab V \u00bb ou de \u00ab L \u00bb, g\u00e9n\u00e9ralement fabriqu\u00e9 en bambou ou en os, permet de souffler la poudre de tabac \u00e0 priser depuis la bouche jusqu\u2019aux narines. Une extr\u00e9mit\u00e9 est plac\u00e9e dans la bouche, l\u2019autre dans la narine, et le souffle doit \u00eatre sec, court et puissant afin que la poudre atteigne correctement les voies nasales.<\/p>\n\n\n\n<p>La seconde m\u00e9thode repose sur l\u2019utilisation du <strong>tepi<\/strong>, destin\u00e9 \u00e0 un usage assist\u00e9 ou rituel. Dans ce cas, une autre personne \u2014 le facilitateur \u2014 applique le tabac \u00e0 priser. Il place une petite dose dans l\u2019extr\u00e9mit\u00e9 du tube et souffle la poudre dans chaque narine du participant. Ce processus rev\u00eat un caract\u00e8re symbolique et fait partie des rituels de purification et de connexion spirituelle.<\/p>\n\n\n\n<p>Pour appliquer correctement le tabac \u00e0 priser, <strong>il suffit de d\u00e9poser une tr\u00e8s petite quantit\u00e9 de poudre \u2014 environ la taille d\u2019une lentille ou moins \u2014 dans l\u2019extr\u00e9mit\u00e9 du kuripe ou du tepi.<\/strong> Avant l\u2019application, il est conseill\u00e9 d\u2019inspirer profond\u00e9ment par la bouche et de d\u00e9tendre le corps. Ensuite, <strong>soufflez la poudre dans une narine de mani\u00e8re rapide et s\u00e8che, puis r\u00e9p\u00e9tez l\u2019op\u00e9ration dans l\u2019autre<\/strong>. Il est important de ne pas inhaler activement, la poudre doit p\u00e9n\u00e9trer par la force du souffle et non par aspiration volontaire. Apr\u00e8s l\u2019application, gardez les yeux ferm\u00e9s quelques secondes et respirez calmement pour int\u00e9grer l\u2019exp\u00e9rience.<\/p>\n\n\n\n<h2 class=\"wp-block-heading\"><span class=\"ez-toc-section\" id=\"A_quoi_sert-il\"><\/span>\u00c0 quoi sert-il ?<span class=\"ez-toc-section-end\"><\/span><\/h2>\n\n\n\n<p>Aujourd\u2019hui, bien que le <strong>tabac \u00e0 priser<\/strong> soit pr\u00e9sent dans de nouveaux contextes, son essence reste \u00e9troitement li\u00e9e \u00e0 des pratiques <strong>rituelles, th\u00e9rapeutiques et m\u00e9ditatives<\/strong>. Voici ses principaux usages.<\/p>\n\n\n\n<h3 class=\"wp-block-heading\"><span class=\"ez-toc-section\" id=\"Usage_rituel_et_spirituel\"><\/span>Usage rituel et spirituel<span class=\"ez-toc-section-end\"><\/span><\/h3>\n\n\n\n<p>Dans les cultures indig\u00e8nes amazoniennes, notamment parmi les peuples Yawanaw\u00e1, Katukina, Kaxinaw\u00e1 ou Huni Kuin, le <strong>tabac \u00e0 priser<\/strong> est consid\u00e9r\u00e9 comme une <strong>m\u00e9decine sacr\u00e9e<\/strong>. Son usage spirituel vise \u00e0 <strong>purifier le corps, clarifier l\u2019esprit et r\u00e9\u00e9quilibrer les \u00e9nergies<\/strong>.<\/p>\n\n\n\n<p>Lors des c\u00e9r\u00e9monies, le chaman ou le facilitateur souffle le tabac \u00e0 priser dans les narines du participant, provoquant une sensation d\u2019expansion, des \u00e9ternuements ou parfois des larmes, consid\u00e9r\u00e9s comme une <strong>lib\u00e9ration \u00e9nerg\u00e9tique<\/strong>.<br>On croit que le tabac \u00e0 priser aide \u00e0 <strong>se reconnecter \u00e0 la nature, ouvrir la vision int\u00e9rieure et renforcer la concentration<\/strong>, notamment avant d\u2019autres rituels impliquant des plantes sacr\u00e9es telles que l\u2019ayahuasca ou le cacao.<\/p>\n\n\n\n<h3 class=\"wp-block-heading\"><span class=\"ez-toc-section\" id=\"Usage_therapeutique_et_meditatif\"><\/span>Usage th\u00e9rapeutique et m\u00e9ditatif<span class=\"ez-toc-section-end\"><\/span><\/h3>\n\n\n\n<p>En dehors des contextes traditionnels, le <strong>tabac \u00e0 priser<\/strong> est adopt\u00e9 dans des environnements alternatifs comme <strong>outil de m\u00e9ditation, de concentration mentale ou de purification \u00e9motionnelle<\/strong>. Certains utilisateurs affirment qu\u2019il aide \u00e0 :<\/p>\n\n\n\n<ul class=\"wp-block-list\">\n<li>R\u00e9duire la congestion nasale et d\u00e9gager les voies respiratoires.<\/li>\n\n\n\n<li>Favoriser la concentration et l\u2019introspection.<\/li>\n\n\n\n<li>Stimuler l\u2019activit\u00e9 mentale et la clart\u00e9 d\u2019esprit.<\/li>\n\n\n\n<li>\u00c9liminer les toxines du corps.<\/li>\n\n\n\n<li>Renforcer la sensation de connexion et de calme int\u00e9rieur.<\/li>\n<\/ul>\n\n\n\n<p>Il convient de souligner qu\u2019<strong>il n\u2019existe pas encore d\u2019\u00e9tudes cliniques suffisantes<\/strong> confirmant des bienfaits m\u00e9dicaux pr\u00e9cis, et que son usage doit rester <strong>responsable et conscient<\/strong>.<\/p>\n\n\n\n<h3 class=\"wp-block-heading\"><span class=\"ez-toc-section\" id=\"Usage_recreatif_ou_alternatif\"><\/span>Usage r\u00e9cr\u00e9atif ou alternatif<span class=\"ez-toc-section-end\"><\/span><\/h3>\n\n\n\n<p>En dehors des contextes rituels, certaines personnes utilisent le tabac \u00e0 priser pour son <strong>effet stimulant ou par curiosit\u00e9 sensorielle<\/strong>. Son application provoque une r\u00e9action physique imm\u00e9diate \u2013 picotements, larmoiements, \u00e9ternuements, voire vertiges \u2013 ainsi qu\u2019une br\u00e8ve sensation de clart\u00e9 ou de vigilance mentale.<br>Cependant, en raison de sa forte teneur en nicotine, le tabac \u00e0 priser peut cr\u00e9er une d\u00e9pendance, d\u2019o\u00f9 la recommandation de l\u2019utiliser avec mod\u00e9ration.<\/p>\n\n\n<div class=\"wp-block-image\">\n<figure class=\"aligncenter size-full\"><img loading=\"lazy\" decoding=\"async\" width=\"1000\" height=\"450\" src=\"https:\/\/www.growbarato.net\/blog\/wp-content\/uploads\/2025\/11\/herramientas-soplar.jpg\" alt=\"kurip\u00e9 en bois sombre et tepi en bois clair pos\u00e9s sur une table en bois\" class=\"wp-image-217752\" srcset=\"https:\/\/www.gbthegreenbrand.fr\/blog\/wp-content\/uploads\/2025\/11\/herramientas-soplar.jpg 1000w, https:\/\/www.gbthegreenbrand.fr\/blog\/wp-content\/uploads\/2025\/11\/herramientas-soplar-300x135.jpg 300w, https:\/\/www.gbthegreenbrand.fr\/blog\/wp-content\/uploads\/2025\/11\/herramientas-soplar-768x346.jpg 768w\" sizes=\"auto, (max-width: 1000px) 100vw, 1000px\" \/><\/figure>\n<\/div>\n\n\n<h2 class=\"wp-block-heading\"><span class=\"ez-toc-section\" id=\"Effets_du_tabac_a_priser\"><\/span>Effets du tabac \u00e0 priser<span class=\"ez-toc-section-end\"><\/span><\/h2>\n\n\n\n<p>Les effets du tabac \u00e0 priser peuvent varier selon le m\u00e9lange, la dose et la sensibilit\u00e9 de chaque personne, mais ils se caract\u00e9risent g\u00e9n\u00e9ralement par une r\u00e9action physique et mentale rapide et intense. M\u00eame si son usage poss\u00e8de une forte dimension rituelle et m\u00e9ditative, il est important de conna\u00eetre \u00e0 la fois les sensations imm\u00e9diates qu\u2019il peut g\u00e9n\u00e9rer et les risques potentiels associ\u00e9s \u00e0 sa consommation.<\/p>\n\n\n\n<h2 class=\"wp-block-heading\"><span class=\"ez-toc-section\" id=\"Effets_immediats\"><\/span>Effets imm\u00e9diats<span class=\"ez-toc-section-end\"><\/span><\/h2>\n\n\n\n<p>L\u2019utilisation de tabac \u00e0 priser entra\u00eene une r\u00e9action rapide apr\u00e8s l\u2019application&nbsp;:<\/p>\n\n\n\n<ul class=\"wp-block-list\">\n<li>\u00c9ternuements intenses ou \u00e9coulement nasal.<\/li>\n\n\n\n<li>Sensation de nettoyage des sinus paranasaux.<\/li>\n\n\n\n<li>Vertiges ou l\u00e9g\u00e8re euphorie.<\/li>\n\n\n\n<li>Stimulation mentale et sensation de pr\u00e9sence accrue.<\/li>\n\n\n\n<li>Dans certains cas, naus\u00e9es ou vomissements l\u00e9gers (interpr\u00e9t\u00e9s comme faisant partie d\u2019un processus de purification).<\/li>\n<\/ul>\n\n\n\n<p>Ces effets durent g\u00e9n\u00e9ralement entre 5 et 20&nbsp;minutes, selon la dose et le type de tabac utilis\u00e9.<\/p>\n\n\n\n<h3 class=\"wp-block-heading\"><span class=\"ez-toc-section\" id=\"Effets_prolonges_et_risques_lies_au_tabac_a_priser\"><\/span>Effets prolong\u00e9s et risques li\u00e9s au tabac \u00e0 priser<span class=\"ez-toc-section-end\"><\/span><\/h3>\n\n\n\n<p>Bien que le tabac \u00e0 priser ne n\u00e9cessite pas de combustion, il reste une <strong>source puissante de nicotine<\/strong>, ce qui implique des risques similaires \u00e0 ceux d\u2019autres produits du tabac sans fum\u00e9e&nbsp;:<\/p>\n\n\n\n<ul class=\"wp-block-list\">\n<li>D\u00e9pendance li\u00e9e \u00e0 l\u2019addiction \u00e0 la nicotine.<\/li>\n\n\n\n<li>L\u00e9sions des muqueuses nasales, avec irritations ou inflammations possibles.<\/li>\n\n\n\n<li>Augmentation de la fr\u00e9quence cardiaque et de la tension art\u00e9rielle.<\/li>\n\n\n\n<li>Risque accru de cancers de la bouche, de l\u2019\u0153sophage ou des fosses nasales en cas d\u2019usage prolong\u00e9.<\/li>\n\n\n\n<li>\u00c9rosion dentaire et r\u00e9traction gingivale lorsque le produit est utilis\u00e9 par voie buccale.<\/li>\n<\/ul>\n\n\n\n<p>Les principales institutions de sant\u00e9 \u2014 comme l\u2019<a href=\"https:\/\/www.cancer.gov\/about-cancer\/causes-prevention\/risk\/tobacco\/cessation-fact-sheet?utm_source\" target=\"_blank\" rel=\"noopener\">Institut national du cancer (NCI)<\/a> ou l\u2019American Cancer Society \u2014 rappellent qu\u2019aucun produit \u00e0 base de tabac n\u2019est totalement s\u00fbr, m\u00eame lorsqu\u2019il n\u2019est pas fum\u00e9.<\/p>\n\n\n\n<h2 class=\"wp-block-heading\"><span class=\"ez-toc-section\" id=\"Comparaison_entre_tabac_a_priser_et_autres_produits_du_tabac_sans_combustion\"><\/span><strong>Comparaison entre tabac \u00e0 priser et autres produits du tabac sans combustion<\/strong><span class=\"ez-toc-section-end\"><\/span><\/h2>\n\n\n\n<p>Pour mieux comprendre la place du tabac \u00e0 priser dans l\u2019ensemble des produits du tabac sans fum\u00e9e, le tableau ci-dessous pr\u00e9sente ses principales diff\u00e9rences par rapport au snus, au dip ou snuff humide et au tabac \u00e0 m\u00e2cher. La comparaison inclut la voie d\u2019administration, la dur\u00e9e des effets, les risques et le contexte d\u2019utilisation habituel.<br><\/p>\n\n\n\n<table style=\"width:100%; border-collapse: collapse;\">\r\n  <thead>\r\n    <tr style=\"background-color:#1E252C; color:white; font-weight:bold;\">\r\n      <th style=\"padding:8px; border:1px solid #ddd;\">Crit\u00e8re<\/th>\r\n      <th style=\"padding:8px; border:1px solid #ddd;\">Tabac \u00e0 priser<\/th>\r\n      <th style=\"padding:8px; border:1px solid #ddd;\">Snus<\/th>\r\n      <th style=\"padding:8px; border:1px solid #ddd;\">Dip \/ Snuff humide<\/th>\r\n      <th style=\"padding:8px; border:1px solid #ddd;\">Tabac \u00e0 m\u00e2cher<\/th>\r\n    <\/tr>\r\n  <\/thead>\r\n  <tbody>\r\n    <tr>\r\n      <th style=\"padding:8px; border:1px solid #ddd; background-color:#00A58C; color:white; font-weight:bold;\">Voie d\u2019administration<\/th>\r\n      <td style=\"padding:8px; border:1px solid #ddd;\">Nasale<\/td>\r\n      <td style=\"padding:8px; border:1px solid #ddd;\">Orale<\/td>\r\n      <td style=\"padding:8px; border:1px solid #ddd;\">Orale<\/td>\r\n      <td style=\"padding:8px; border:1px; border:1px solid #ddd;\">Orale<\/td>\r\n    <\/tr>\r\n    <tr>\r\n      <th style=\"padding:8px; border:1px solid #ddd; background-color:#00A58C; color:white; font-weight:bold;\">Combustion<\/th>\r\n      <td style=\"padding:8px; border:1px solid #ddd;\">Non<\/td>\r\n      <td style=\"padding:8px; border:1px solid #ddd;\">Non<\/td>\r\n      <td style=\"padding:8px; border:1px solid #ddd;\">Non<\/td>\r\n      <td style=\"padding:8px; border:1px solid #ddd;\">Non<\/td>\r\n    <\/tr>\r\n    <tr>\r\n      <th style=\"padding:8px; border:1px solid #ddd; background-color:#00A58C; color:white; font-weight:bold;\">Dur\u00e9e des effets<\/th>\r\n      <td style=\"padding:8px; border:1px solid #ddd;\">Courte (5\u201320&nbsp;min)<\/td>\r\n      <td style=\"padding:8px; border:1px solid #ddd;\">Moyenne (20\u201340&nbsp;min)<\/td>\r\n      <td style=\"padding:8px; border:1px solid #ddd;\">Moyenne<\/td>\r\n      <td style=\"padding:8px; border:1px solid #ddd;\">Longue<\/td>\r\n    <\/tr>\r\n    <tr>\r\n      <th style=\"padding:8px; border:1px solid #ddd; background-color:#00A58C; color:white; font-weight:bold;\">Risque addictif<\/th>\r\n      <td style=\"padding:8px; border:1px solid #ddd;\">\u00c9lev\u00e9<\/td>\r\n      <td style=\"padding:8px; border:1px solid #ddd;\">\u00c9lev\u00e9<\/td>\r\n      <td style=\"padding:8px; border:1px solid #ddd;\">\u00c9lev\u00e9<\/td>\r\n      <td style=\"padding:8px; border:1px solid #ddd;\">Moyen<\/td>\r\n    <\/tr>\r\n    <tr>\r\n      <th style=\"padding:8px; border:1px solid #ddd; background-color:#00A58C; color:white; font-weight:bold;\">Contexte d\u2019usage<\/th>\r\n      <td style=\"padding:8px; border:1px solid #ddd;\">Rituel \/ spirituel<\/td>\r\n      <td style=\"padding:8px; border:1px solid #ddd;\">Substitut au tabac fum\u00e9<\/td>\r\n      <td style=\"padding:8px; border:1px solid #ddd;\">R\u00e9cr\u00e9atif<\/td>\r\n      <td style=\"padding:8px; border:1px solid #ddd;\">Traditionnel<\/td>\r\n    <\/tr>\r\n    <tr>\r\n      <th style=\"padding:8px; border:1px solid #ddd; background-color:#00A58C; color:white; font-weight:bold;\">L\u00e9galit\u00e9 dans l\u2019UE<\/th>\r\n      <td style=\"padding:8px; border:1px solid #ddd;\">Variable<\/td>\r\n      <td style=\"padding:8px; border:1px solid #ddd;\">Autoris\u00e9 uniquement en Su\u00e8de<\/td>\r\n      <td style=\"padding:8px; border:1px solid #ddd;\">Interdit<\/td>\r\n      <td style=\"padding:8px; border:1px solid #ddd;\">Autoris\u00e9<\/td>\r\n    <\/tr>\r\n    <tr>\r\n      <th style=\"padding:8px; border:1px solid #ddd; background-color:#00A58C; color:white; font-weight:bold;\">Profil de l\u2019utilisateur<\/th>\r\n      <td style=\"padding:8px; border:1px solid #ddd;\">Spirituel ou alternatif<\/td>\r\n      <td style=\"padding:8px; border:1px solid #ddd;\">Adultes ex-fumeurs<\/td>\r\n      <td style=\"padding:8px; border:1px solid #ddd;\">Jeunes amateurs de sport<\/td>\r\n      <td style=\"padding:8px; border:1px solid #ddd;\">Travailleurs ruraux<\/td>\r\n    <\/tr>\r\n  <\/tbody>\r\n<\/table>\n\n\n<div class=\"wp-block-image\">\n<figure class=\"aligncenter size-full\"><img loading=\"lazy\" decoding=\"async\" width=\"1000\" height=\"450\" src=\"https:\/\/www.growbarato.net\/blog\/wp-content\/uploads\/2025\/11\/rape_-tabaco_en_caja-INTERIOR-BLOG-1.jpg\" alt=\"Bo\u00eete en bois ouverte contenant du tabac \u00e0 priser \u00e0 l\u2019int\u00e9rieur\" class=\"wp-image-217759\" srcset=\"https:\/\/www.gbthegreenbrand.fr\/blog\/wp-content\/uploads\/2025\/11\/rape_-tabaco_en_caja-INTERIOR-BLOG-1.jpg 1000w, https:\/\/www.gbthegreenbrand.fr\/blog\/wp-content\/uploads\/2025\/11\/rape_-tabaco_en_caja-INTERIOR-BLOG-1-300x135.jpg 300w, https:\/\/www.gbthegreenbrand.fr\/blog\/wp-content\/uploads\/2025\/11\/rape_-tabaco_en_caja-INTERIOR-BLOG-1-768x346.jpg 768w\" sizes=\"auto, (max-width: 1000px) 100vw, 1000px\" \/><\/figure>\n<\/div>\n\n\n<p>Le <strong>tabac \u00e0 priser<\/strong> est l\u2019une des formes les plus anciennes et les plus ritualis\u00e9es de <a href=\"https:\/\/www.gbthegreenbrand.fr\/blog\/blog\/?p=201798\" target=\"_blank\" rel=\"noreferrer noopener\">consommation de tabac<\/a>. Son utilisation va bien au-del\u00e0 d\u2019une simple recherche de stimulation\u00a0: dans de nombreuses cultures, il repr\u00e9sente un <strong>acte de purification et de connexion spirituelle<\/strong>. Toutefois, en raison de sa forte concentration en nicotine, <strong>il n\u2019est pas exempt de risques physiques ni de potentiel de d\u00e9pendance<\/strong>.<br>Comprendre son origine, ses usages et sa comparaison avec d\u2019autres formes de tabac sans fum\u00e9e permet d\u2019aborder le tabac \u00e0 priser avec une approche \u00e0 la fois <strong>respectueuse sur le plan culturel et inform\u00e9e sur le plan scientifique<\/strong>.<br>Qu\u2019il soit employ\u00e9 comme m\u00e9decine ancestrale ou comme alternative moderne, le <strong>tabac \u00e0 priser doit toujours \u00eatre utilis\u00e9 avec respect, mod\u00e9ration et discernement<\/strong>.<\/p>\n\n\n\n<style>\r\n  .accordion-container {\r\n    width: 100%;\r\n    margin: 0 0 20px;\r\n    clear: both;\r\n  }\r\n  h3.accordion-titulo {\r\n    margin-bottom: 0;\r\n    margin-top: 2%;\r\n  }\r\n  .accordion-titulo {\r\n    position: relative;\r\n    display: block;\r\n    padding: 10px 20px;\r\n    font-size: 18px;\r\n    font-weight: 300;\r\n    border: 1px solid #000;\r\n    color: #000;\r\n    text-decoration: none;\r\n    cursor: pointer;\r\n  }\r\n  .accordion-titulo.open {\r\n    color: #00ab8e;\r\n    border-color: #00ab8e;\r\n  }\r\n  .accordion-titulo:hover {\r\n    color: #00ab8e;\r\n    border-color: #00ab8e;\r\n  }\r\n  .accordion-titulo span.toggle-icon:before {\r\n    content:\"+\";\r\n  }\r\n  .accordion-titulo.open span.toggle-icon:before {\r\n    content:\"-\";\r\n  }\r\n  .accordion-titulo span.toggle-icon {\r\n    position: absolute;\r\n    top: 6px;\r\n    right: 20px;\r\n    font-size: 26px;\r\n    font-weight: bold;\r\n  }\r\n  .accordion-content {\r\n    display: none;\r\n    padding: 20px;\r\n    overflow: auto;\r\n    font-family: 'Roboto', sans-serif;\r\n    font-size: 16px;\r\n  }\r\n  @media (max-width: 767px) {\r\n    h3.accordion-titulo {\r\n      padding-right: 12%;\r\n    }\r\n  }\r\n<\/style>\r\n\r\n<script>\r\n  jQuery(document).ready(function($) {\r\n    $(\".accordion-titulo\").click(function(){\r\n      var contenido = $(this).next(\".accordion-content\");\r\n      if (contenido.css(\"display\") === \"none\") { \/\/ open\r\n        contenido.slideDown(250);\r\n        $(this).addClass(\"open\");\r\n      } else { \/\/ close\r\n        contenido.slideUp(250);\r\n        $(this).removeClass(\"open\");\r\n      }\r\n    });\r\n  });\r\n<\/script>\r\n\r\n<div class=\"accordion-container\" itemscope itemtype=\"https:\/\/schema.org\/FAQPage\" style=\"width: 80%; max-width: 100%\">\r\n  <h2 style=\"width: 100% !important;\"><span class=\"ez-toc-section\" id=\"FAQ_sur_le_tabac_a_priser\"><\/span>FAQ sur le tabac \u00e0 priser<span class=\"ez-toc-section-end\"><\/span><\/h2>\r\n\r\n  <!-- FAQ 1 -->\r\n  <div itemscope itemprop=\"mainEntity\" itemtype=\"https:\/\/schema.org\/Question\">\r\n    <h3 itemprop=\"name\" class=\"accordion-titulo\" style=\"width: 100% !important;\"><span class=\"ez-toc-section\" id=\"A_quelle_frequence_peut-on_utiliser_le_tabac_a_priser_sans_danger\"><\/span>\r\n      \u00c0 quelle fr\u00e9quence peut-on utiliser le tabac \u00e0 priser sans danger&nbsp;?\r\n      <span class=\"toggle-icon\"><\/span>\r\n    <span class=\"ez-toc-section-end\"><\/span><\/h3>\r\n    <div class=\"accordion-content\" itemscope itemprop=\"acceptedAnswer\" itemtype=\"https:\/\/schema.org\/Answer\">\r\n      <div itemprop=\"text\">\r\n        Il n\u2019existe pas de fr\u00e9quence \u00ab&nbsp;s\u00fbre&nbsp;\u00bb officiellement \u00e9tablie, car aucun essai clinique ne r\u00e9glemente sa consommation. Les personnes qui utilisent le tabac \u00e0 priser de fa\u00e7on responsable se limitent g\u00e9n\u00e9ralement \u00e0 des <b>usages occasionnels<\/b>, surtout dans des contextes rituels ou m\u00e9ditatifs, et \u00e9vitent une consommation quotidienne afin de r\u00e9duire la <b>tol\u00e9rance<\/b>, l\u2019<b>irritation nasale<\/b> et le <b>risque de d\u00e9pendance \u00e0 la nicotine<\/b>.\r\n      <\/div>\r\n    <\/div>\r\n  <\/div>\r\n\r\n  <!-- FAQ 2 -->\r\n  <div itemscope itemprop=\"mainEntity\" itemtype=\"https:\/\/schema.org\/Question\">\r\n    <h3 itemprop=\"name\" class=\"accordion-titulo\" style=\"width: 100% !important;\"><span class=\"ez-toc-section\" id=\"Le_tabac_a_priser_peut-il_interagir_avec_des_medicaments_ou_des_traitements_medicaux\"><\/span>\r\n      Le tabac \u00e0 priser peut-il interagir avec des m\u00e9dicaments ou des traitements m\u00e9dicaux&nbsp;?\r\n      <span class=\"toggle-icon\"><\/span>\r\n    <span class=\"ez-toc-section-end\"><\/span><\/h3>\r\n    <div class=\"accordion-content\" itemscope itemprop=\"acceptedAnswer\" itemtype=\"https:\/\/schema.org\/Answer\">\r\n      <div itemprop=\"text\">\r\n        Oui. En raison de sa <b>forte teneur en nicotine<\/b> et de son effet stimulant, le tabac \u00e0 priser peut interagir avec des traitements pour la <b>pression art\u00e9rielle<\/b>, des <b>anxiolytiques<\/b>, des <b>antid\u00e9presseurs<\/b> ou des <b>m\u00e9dicaments cardiovasculaires<\/b>, et aggraver certains troubles respiratoires. Avant de l\u2019utiliser, il est recommand\u00e9 de <b>consulter un professionnel de sant\u00e9<\/b>, en particulier en cas de pathologie pr\u00e9existante.\r\n      <\/div>\r\n    <\/div>\r\n  <\/div>\r\n\r\n  <!-- FAQ 3 -->\r\n  <div itemscope itemprop=\"mainEntity\" itemtype=\"https:\/\/schema.org\/Question\">\r\n    <h3 itemprop=\"name\" class=\"accordion-titulo\" style=\"width: 100% !important;\"><span class=\"ez-toc-section\" id=\"Est-il_sur_dutiliser_du_tabac_a_priser_en_cas_de_sinusite_de_rhinite_ou_dasthme\"><\/span>\r\n      Est-il s\u00fbr d\u2019utiliser du tabac \u00e0 priser en cas de sinusite, de rhinite ou d\u2019asthme&nbsp;?\r\n      <span class=\"toggle-icon\"><\/span>\r\n    <span class=\"ez-toc-section-end\"><\/span><\/h3>\r\n    <div class=\"accordion-content\" itemscope itemprop=\"acceptedAnswer\" itemtype=\"https:\/\/schema.org\/Answer\">\r\n      <div itemprop=\"text\">\r\n        En g\u00e9n\u00e9ral, <b>non<\/b>. Le tabac \u00e0 priser peut <b>irriter la muqueuse nasale<\/b>, augmenter la congestion, provoquer de forts \u00e9ternuements et d\u00e9clencher une r\u00e9ponse inflammatoire. Les personnes souffrant de <b>sinusite chronique<\/b>, de <b>rhinite allergique<\/b> ou d\u2019<b>asthme<\/b> sont souvent plus sensibles \u00e0 ces effets. Dans ces cas, il est pr\u00e9f\u00e9rable de <b>s\u2019en abstenir<\/b>.\r\n      <\/div>\r\n    <\/div>\r\n  <\/div>\r\n\r\n  <!-- FAQ 4 -->\r\n  <div itemscope itemprop=\"mainEntity\" itemtype=\"https:\/\/schema.org\/Question\">\r\n    <h3 itemprop=\"name\" class=\"accordion-titulo\" style=\"width: 100% !important;\"><span class=\"ez-toc-section\" id=\"Peut-on_voyager_avec_du_tabac_a_priser_en_avion_ou_franchir_des_frontieres_sans_probleme\"><\/span>\r\n      Peut-on voyager avec du tabac \u00e0 priser en avion ou franchir des fronti\u00e8res sans probl\u00e8me&nbsp;?\r\n      <span class=\"toggle-icon\"><\/span>\r\n    <span class=\"ez-toc-section-end\"><\/span><\/h3>\r\n    <div class=\"accordion-content\" itemscope itemprop=\"acceptedAnswer\" itemtype=\"https:\/\/schema.org\/Answer\">\r\n      <div itemprop=\"text\">\r\n        <b>Cela d\u00e9pend du pays<\/b>. Le tabac \u00e0 priser n\u2019est pas syst\u00e9matiquement ill\u00e9gal, mais il peut \u00eatre confisqu\u00e9 en douane s\u2019il n\u2019est pas clairement identifi\u00e9 comme tabac en poudre. Certains pays r\u00e9glementent strictement l\u2019entr\u00e9e de produits du tabac. Conservez-le dans son <b>emballage d\u2019origine<\/b>, d\u00e9clarez-le si n\u00e9cessaire et <b>renseignez-vous sur la r\u00e9glementation<\/b> du pays de destination avant de voyager.\r\n      <\/div>\r\n    <\/div>\r\n  <\/div>\r\n\r\n  <!-- FAQ 5 -->\r\n  <div itemscope itemprop=\"mainEntity\" itemtype=\"https:\/\/schema.org\/Question\">\r\n    <h3 itemprop=\"name\" class=\"accordion-titulo\" style=\"width: 100% !important;\"><span class=\"ez-toc-section\" id=\"Combien_de_temps_le_tabac_a_priser_se_conserve-t-il_en_bon_etat_apres_ouverture\"><\/span>\r\n      Combien de temps le tabac \u00e0 priser se conserve-t-il en bon \u00e9tat apr\u00e8s ouverture&nbsp;?\r\n      <span class=\"toggle-icon\"><\/span>\r\n    <span class=\"ez-toc-section-end\"><\/span><\/h3>\r\n    <div class=\"accordion-content\" itemscope itemprop=\"acceptedAnswer\" itemtype=\"https:\/\/schema.org\/Answer\">\r\n      <div itemprop=\"text\">\r\n        Conserv\u00e9 dans un <b>r\u00e9cipient herm\u00e9tique<\/b>, \u00e0 l\u2019abri de la lumi\u00e8re et de l\u2019humidit\u00e9, le tabac \u00e0 priser peut garder ses propri\u00e9t\u00e9s pendant <b>plusieurs mois<\/b>, voire plus d\u2019un an. Avec le temps, il peut perdre en ar\u00f4me ou en intensit\u00e9. En cas d\u2019<b>odeur de moisi<\/b>, de <b>poudre agglom\u00e9r\u00e9e<\/b> ou de <b>pr\u00e9sence de particules anormales<\/b>, il est pr\u00e9f\u00e9rable de le jeter.\r\n      <\/div>\r\n    <\/div>\r\n  <\/div>\r\n\r\n<\/div>\n\n\n\n<p><\/p>\n<div style='text-align:center' class='yasr-auto-insert-visitor'><\/div>","protected":false},"excerpt":{"rendered":"<p>Depuis quelques ann\u00e9es, le tabac \u00e0 priser suscite un regain d\u2019int\u00e9r\u00eat en dehors de ses contextes traditionnels. \u00c0 l\u2019origine, le tabac \u00e0 priser \u00e9tait utilis\u00e9 par les communaut\u00e9s indig\u00e8nes d\u2019Am\u00e9rique du Sud, en particulier dans la r\u00e9gion amazonienne. On estime que son usage remonte \u00e0 plusieurs mill\u00e9naires. \u00c0 cette \u00e9poque, le tabac \u00e0 priser \u00e9tait\u2026 <span class=\"leermas\" onclick=\"window.location.href='https:\/\/www.gbthegreenbrand.fr\/blog\/tabac-a-priser-la-poudre-sacree-de-lamazonie-qui-eveille-le-corps-et-lesprit\/'\">Lire la suite<\/span ><\/p>\n","protected":false},"author":18,"featured_media":217779,"comment_status":"open","ping_status":"closed","sticky":false,"template":"","format":"standard","meta":{"wprm-recipe-roundup-name":"","wprm-recipe-roundup-description":"","yasr_overall_rating":0,"yasr_post_is_review":"","yasr_auto_insert_disabled":"","yasr_review_type":"","footnotes":""},"categories":[261,262],"tags":[],"class_list":["post-217954","post","type-post","status-publish","format-standard","has-post-thumbnail","hentry","category-analyse-de-produits","category-cannabis-therapeutique-fr"],"yasr_visitor_votes":{"stars_attributes":{"read_only":false,"span_bottom":false},"number_of_votes":6,"sum_votes":28},"_links":{"self":[{"href":"https:\/\/www.gbthegreenbrand.fr\/blog\/wp-json\/wp\/v2\/posts\/217954","targetHints":{"allow":["GET"]}}],"collection":[{"href":"https:\/\/www.gbthegreenbrand.fr\/blog\/wp-json\/wp\/v2\/posts"}],"about":[{"href":"https:\/\/www.gbthegreenbrand.fr\/blog\/wp-json\/wp\/v2\/types\/post"}],"author":[{"embeddable":true,"href":"https:\/\/www.gbthegreenbrand.fr\/blog\/wp-json\/wp\/v2\/users\/18"}],"replies":[{"embeddable":true,"href":"https:\/\/www.gbthegreenbrand.fr\/blog\/wp-json\/wp\/v2\/comments?post=217954"}],"version-history":[{"count":6,"href":"https:\/\/www.gbthegreenbrand.fr\/blog\/wp-json\/wp\/v2\/posts\/217954\/revisions"}],"predecessor-version":[{"id":217961,"href":"https:\/\/www.gbthegreenbrand.fr\/blog\/wp-json\/wp\/v2\/posts\/217954\/revisions\/217961"}],"wp:featuredmedia":[{"embeddable":true,"href":"https:\/\/www.gbthegreenbrand.fr\/blog\/wp-json\/wp\/v2\/media\/217779"}],"wp:attachment":[{"href":"https:\/\/www.gbthegreenbrand.fr\/blog\/wp-json\/wp\/v2\/media?parent=217954"}],"wp:term":[{"taxonomy":"category","embeddable":true,"href":"https:\/\/www.gbthegreenbrand.fr\/blog\/wp-json\/wp\/v2\/categories?post=217954"},{"taxonomy":"post_tag","embeddable":true,"href":"https:\/\/www.gbthegreenbrand.fr\/blog\/wp-json\/wp\/v2\/tags?post=217954"}],"curies":[{"name":"wp","href":"https:\/\/api.w.org\/{rel}","templated":true}]}}