{"id":220231,"date":"2025-12-24T10:00:00","date_gmt":"2025-12-24T09:00:00","guid":{"rendered":"https:\/\/www.growbarato.net\/blog\/?p=220231"},"modified":"2026-02-06T11:25:56","modified_gmt":"2026-02-06T10:25:56","slug":"trump-reclasse-le-cannabis-aux-etats-unis-de-schedule-i-a-schedule-iii","status":"publish","type":"post","link":"https:\/\/www.gbthegreenbrand.fr\/blog\/trump-reclasse-le-cannabis-aux-etats-unis-de-schedule-i-a-schedule-iii\/","title":{"rendered":"Trump reclasse le cannabis aux \u00c9tats-Unis : de Schedule I a Schedule III"},"content":{"rendered":"\n<p>La politique du cannabis aux \u00c9tats-Unis vient de conna\u00eetre l\u2019un de ses tournants les plus marquants depuis plusieurs d\u00e9cennies. Le <strong>pr\u00e9sident Donald Trump<\/strong> a sign\u00e9 un d\u00e9cret ex\u00e9cutif visant \u00e0 promouvoir la <strong>reclassification f\u00e9d\u00e9rale du cannabis, en le retirant de la cat\u00e9gorie la plus restrictive du syst\u00e8me juridique am\u00e9ricain, le Schedule I<\/strong>. Bien que l\u2019annonce ait g\u00e9n\u00e9r\u00e9 des titres \u00e9voquant une \u00ab l\u00e9galisation \u00bb, la r\u00e9alit\u00e9 est plus nuanc\u00e9e et m\u00e9rite, pour cette raison, une explication claire et rigoureuse.<\/p>\n\n\n\n<p>Cette d\u00e9cision ne rend pas automatiquement le cannabis l\u00e9gal au niveau f\u00e9d\u00e9ral et n\u2019ouvre pas directement la voie \u00e0 un usage r\u00e9cr\u00e9atif g\u00e9n\u00e9ralis\u00e9 sur l\u2019ensemble du territoire. Toutefois, <strong>elle repr\u00e9sente un changement profond dans la mani\u00e8re dont le gouvernement f\u00e9d\u00e9ral reconna\u00eet et r\u00e9gule cette plante<\/strong>, notamment en ce qui concerne l\u2019usage m\u00e9dical, la recherche scientifique et le cadre l\u00e9gal du secteur.<\/p>\n\n\n\n<p>Chez <a href=\"https:\/\/www.gbthegreenbrand.fr\/\">GB The Green Brand<\/a>, nous estimons que parler de cannabis exige du contexte, des donn\u00e9es fiables et de la rigueur. C\u2019est pourquoi nous allons d\u00e9tailler ce que cette d\u00e9cision implique r\u00e9ellement, ce qui ne change pas et pourquoi beaucoup la consid\u00e8rent comme un jalon historique.<\/p>\n\n\n\n<div id=\"ez-toc-container\" class=\"ez-toc-v2_0_82_2 counter-hierarchy ez-toc-counter ez-toc-grey ez-toc-container-direction\">\n<label for=\"ez-toc-cssicon-toggle-item-69f36bdbea3eb\" class=\"ez-toc-cssicon-toggle-label\"><p class=\"ez-toc-title\" style=\"cursor:inherit\">Contenido<\/p>\n<span class=\"ez-toc-cssicon\"><span class=\"eztoc-hide\" style=\"display:none;\">Toggle<\/span><span class=\"ez-toc-icon-toggle-span\"><svg style=\"fill: #999;color:#999\" xmlns=\"http:\/\/www.w3.org\/2000\/svg\" class=\"list-377408\" width=\"20px\" height=\"20px\" viewBox=\"0 0 24 24\" fill=\"none\"><path d=\"M6 6H4v2h2V6zm14 0H8v2h12V6zM4 11h2v2H4v-2zm16 0H8v2h12v-2zM4 16h2v2H4v-2zm16 0H8v2h12v-2z\" fill=\"currentColor\"><\/path><\/svg><svg style=\"fill: #999;color:#999\" class=\"arrow-unsorted-368013\" xmlns=\"http:\/\/www.w3.org\/2000\/svg\" width=\"10px\" height=\"10px\" viewBox=\"0 0 24 24\" version=\"1.2\" baseProfile=\"tiny\"><path d=\"M18.2 9.3l-6.2-6.3-6.2 6.3c-.2.2-.3.4-.3.7s.1.5.3.7c.2.2.4.3.7.3h11c.3 0 .5-.1.7-.3.2-.2.3-.5.3-.7s-.1-.5-.3-.7zM5.8 14.7l6.2 6.3 6.2-6.3c.2-.2.3-.5.3-.7s-.1-.5-.3-.7c-.2-.2-.4-.3-.7-.3h-11c-.3 0-.5.1-.7.3-.2.2-.3.5-.3.7s.1.5.3.7z\"\/><\/svg><\/span><\/span><\/label><input type=\"checkbox\"  id=\"ez-toc-cssicon-toggle-item-69f36bdbea3eb\"  \/><nav><ul class='ez-toc-list ez-toc-list-level-1 ' ><li class='ez-toc-page-1 ez-toc-heading-level-2'><a class=\"ez-toc-link ez-toc-heading-1\" href=\"https:\/\/www.gbthegreenbrand.fr\/blog\/trump-reclasse-le-cannabis-aux-etats-unis-de-schedule-i-a-schedule-iii\/#Le_systeme_%C2%AB_schedule_%C2%BB_comment_les_Etats-Unis_classent_les_drogues\" >Le syst\u00e8me \u00ab schedule \u00bb : comment les \u00c9tats-Unis classent les drogues<\/a><\/li><li class='ez-toc-page-1 ez-toc-heading-level-2'><a class=\"ez-toc-link ez-toc-heading-2\" href=\"https:\/\/www.gbthegreenbrand.fr\/blog\/trump-reclasse-le-cannabis-aux-etats-unis-de-schedule-i-a-schedule-iii\/#Du_Schedule_I_au_Schedule_III_ce_que_signifie_le_changement_impulse_par_Trump\" >Du Schedule I au Schedule III : ce que signifie le changement impuls\u00e9 par Trump<\/a><\/li><li class='ez-toc-page-1 ez-toc-heading-level-2'><a class=\"ez-toc-link ez-toc-heading-3\" href=\"https:\/\/www.gbthegreenbrand.fr\/blog\/trump-reclasse-le-cannabis-aux-etats-unis-de-schedule-i-a-schedule-iii\/#Trump_et_levolution_du_discours_officiel_sur_le_cannabis\" >Trump et l\u2019\u00e9volution du discours officiel sur le cannabis<\/a><\/li><li class='ez-toc-page-1 ez-toc-heading-level-2'><a class=\"ez-toc-link ez-toc-heading-4\" href=\"https:\/\/www.gbthegreenbrand.fr\/blog\/trump-reclasse-le-cannabis-aux-etats-unis-de-schedule-i-a-schedule-iii\/#Ce_qui_change_reellement_avec_la_reclassification\" >Ce qui change r\u00e9ellement avec la reclassification<\/a><ul class='ez-toc-list-level-3' ><li class='ez-toc-heading-level-3'><a class=\"ez-toc-link ez-toc-heading-5\" href=\"https:\/\/www.gbthegreenbrand.fr\/blog\/trump-reclasse-le-cannabis-aux-etats-unis-de-schedule-i-a-schedule-iii\/#1_Davantage_de_recherche_scientifique\" >1. Davantage de recherche scientifique<\/a><\/li><li class='ez-toc-page-1 ez-toc-heading-level-3'><a class=\"ez-toc-link ez-toc-heading-6\" href=\"https:\/\/www.gbthegreenbrand.fr\/blog\/trump-reclasse-le-cannabis-aux-etats-unis-de-schedule-i-a-schedule-iii\/#2_Reconnaissance_officielle_de_lusage_therapeutique\" >2. Reconnaissance officielle de l\u2019usage th\u00e9rapeutique<\/a><\/li><li class='ez-toc-page-1 ez-toc-heading-level-3'><a class=\"ez-toc-link ez-toc-heading-7\" href=\"https:\/\/www.gbthegreenbrand.fr\/blog\/trump-reclasse-le-cannabis-aux-etats-unis-de-schedule-i-a-schedule-iii\/#3_Allegement_partiel_pour_lindustrie_legale\" >3. All\u00e8gement partiel pour l\u2019industrie l\u00e9gale<\/a><\/li><li class='ez-toc-page-1 ez-toc-heading-level-3'><a class=\"ez-toc-link ez-toc-heading-8\" href=\"https:\/\/www.gbthegreenbrand.fr\/blog\/trump-reclasse-le-cannabis-aux-etats-unis-de-schedule-i-a-schedule-iii\/#4_Evolution_du_discours_institutionnel\" >4. \u00c9volution du discours institutionnel<\/a><\/li><\/ul><\/li><li class='ez-toc-page-1 ez-toc-heading-level-2'><a class=\"ez-toc-link ez-toc-heading-9\" href=\"https:\/\/www.gbthegreenbrand.fr\/blog\/trump-reclasse-le-cannabis-aux-etats-unis-de-schedule-i-a-schedule-iii\/#Ce_qui_ne_change_PAS\" >Ce qui ne change PAS<\/a><\/li><li class='ez-toc-page-1 ez-toc-heading-level-2'><a class=\"ez-toc-link ez-toc-heading-10\" href=\"https:\/\/www.gbthegreenbrand.fr\/blog\/trump-reclasse-le-cannabis-aux-etats-unis-de-schedule-i-a-schedule-iii\/#CBD_cannabis_medical_et_population_senior\" >CBD, cannabis m\u00e9dical et population senior<\/a><\/li><li class='ez-toc-page-1 ez-toc-heading-level-2'><a class=\"ez-toc-link ez-toc-heading-11\" href=\"https:\/\/www.gbthegreenbrand.fr\/blog\/trump-reclasse-le-cannabis-aux-etats-unis-de-schedule-i-a-schedule-iii\/#Resistances_politiques_et_debat_ouvert_autour_de_Trump\" >R\u00e9sistances politiques et d\u00e9bat ouvert autour de Trump<\/a><\/li><li class='ez-toc-page-1 ez-toc-heading-level-2'><a class=\"ez-toc-link ez-toc-heading-12\" href=\"https:\/\/www.gbthegreenbrand.fr\/blog\/trump-reclasse-le-cannabis-aux-etats-unis-de-schedule-i-a-schedule-iii\/#Pourquoi_ce_changement_est_important_a_lechelle_mondiale\" >Pourquoi ce changement est important \u00e0 l\u2019\u00e9chelle mondiale<\/a><\/li><li class='ez-toc-page-1 ez-toc-heading-level-2'><a class=\"ez-toc-link ez-toc-heading-13\" href=\"https:\/\/www.gbthegreenbrand.fr\/blog\/trump-reclasse-le-cannabis-aux-etats-unis-de-schedule-i-a-schedule-iii\/#Questions_frequentes_FAQ\" >Questions fr\u00e9quentes (FAQ)<\/a><ul class='ez-toc-list-level-3' ><li class='ez-toc-heading-level-3'><a class=\"ez-toc-link ez-toc-heading-14\" href=\"https:\/\/www.gbthegreenbrand.fr\/blog\/trump-reclasse-le-cannabis-aux-etats-unis-de-schedule-i-a-schedule-iii\/#Le_changement_de_schedule_permet-il_de_consommer_du_cannabis_legalement_dans_tous_les_Etats-Unis\" >Le changement de schedule permet-il de consommer du cannabis l\u00e9galement dans tous les \u00c9tats-Unis ?<\/a><\/li><li class='ez-toc-page-1 ez-toc-heading-level-3'><a class=\"ez-toc-link ez-toc-heading-15\" href=\"https:\/\/www.gbthegreenbrand.fr\/blog\/trump-reclasse-le-cannabis-aux-etats-unis-de-schedule-i-a-schedule-iii\/#Quand_la_reclassification_du_cannabis_entre-t-elle_en_vigueur\" >Quand la reclassification du cannabis entre-t-elle en vigueur ?<\/a><\/li><li class='ez-toc-page-1 ez-toc-heading-level-3'><a class=\"ez-toc-link ez-toc-heading-16\" href=\"https:\/\/www.gbthegreenbrand.fr\/blog\/trump-reclasse-le-cannabis-aux-etats-unis-de-schedule-i-a-schedule-iii\/#Le_CBD_est-il_directement_concerne_par_cette_decision\" >Le CBD est-il directement concern\u00e9 par cette d\u00e9cision ?<\/a><\/li><li class='ez-toc-page-1 ez-toc-heading-level-3'><a class=\"ez-toc-link ez-toc-heading-17\" href=\"https:\/\/www.gbthegreenbrand.fr\/blog\/trump-reclasse-le-cannabis-aux-etats-unis-de-schedule-i-a-schedule-iii\/#Les_entreprises_du_cannabis_pourront-elles_operer_librement_apres_ce_changement\" >Les entreprises du cannabis pourront-elles op\u00e9rer librement apr\u00e8s ce changement ?<\/a><\/li><li class='ez-toc-page-1 ez-toc-heading-level-3'><a class=\"ez-toc-link ez-toc-heading-18\" href=\"https:\/\/www.gbthegreenbrand.fr\/blog\/trump-reclasse-le-cannabis-aux-etats-unis-de-schedule-i-a-schedule-iii\/#Ce_changement_peut-il_influencer_la_legislation_europeenne\" >Ce changement peut-il influencer la l\u00e9gislation europ\u00e9enne ?<\/a><\/li><\/ul><\/li><\/ul><\/nav><\/div>\n<h2 class=\"wp-block-heading\"><span class=\"ez-toc-section\" id=\"Le_systeme_%C2%AB_schedule_%C2%BB_comment_les_Etats-Unis_classent_les_drogues\"><\/span>Le syst\u00e8me \u00ab schedule \u00bb : comment les \u00c9tats-Unis classent les drogues<span class=\"ez-toc-section-end\"><\/span><\/h2>\n\n\n<div class=\"wp-block-image\">\n<figure class=\"aligncenter size-full\"><img loading=\"lazy\" decoding=\"async\" width=\"1000\" height=\"450\" src=\"https:\/\/www.growbarato.net\/blog\/wp-content\/uploads\/2025\/12\/Trump_-clasifica_marihuana_interior.jpg\" alt=\"Intervention institutionnelle dans un contexte gouvernemental li\u00e9e aux d\u00e9cisions politiques et r\u00e9glementaires sur le cannabis. Le syst\u00e8me schedule\" class=\"wp-image-219891\" srcset=\"https:\/\/www.gbthegreenbrand.fr\/blog\/wp-content\/uploads\/2025\/12\/Trump_-clasifica_marihuana_interior.jpg 1000w, https:\/\/www.gbthegreenbrand.fr\/blog\/wp-content\/uploads\/2025\/12\/Trump_-clasifica_marihuana_interior-300x135.jpg 300w, https:\/\/www.gbthegreenbrand.fr\/blog\/wp-content\/uploads\/2025\/12\/Trump_-clasifica_marihuana_interior-768x346.jpg 768w\" sizes=\"auto, (max-width: 1000px) 100vw, 1000px\" \/><\/figure>\n<\/div>\n\n\n<p>Pour comprendre la port\u00e9e de la mesure impuls\u00e9e par Trump, il est essentiel de saisir le fonctionnement du syst\u00e8me f\u00e9d\u00e9ral de classification des substances aux \u00c9tats-Unis. La loi connue sous le nom de <strong>Controlled Substances Act regroupe les drogues en diff\u00e9rentes cat\u00e9gories appel\u00e9es schedule<\/strong>, selon trois crit\u00e8res principaux : <strong>le potentiel d\u2019abus, le risque pour la sant\u00e9 et la reconnaissance d\u2019un usage m\u00e9dical.<\/strong><\/p>\n\n\n\n<p>Depuis plus de cinquante ans, <strong>le cannabis \u00e9tait class\u00e9 dans le Schedule I<\/strong>, la cat\u00e9gorie la plus restrictive. Celle-ci regroupe <strong>des substances consid\u00e9r\u00e9es comme tr\u00e8s dangereuses, sans usage m\u00e9dical reconnu<\/strong> et pr\u00e9sentant un fort potentiel de d\u00e9pendance. On y trouve notamment l\u2019h\u00e9ro\u00efne ou le LSD.<\/p>\n\n\n\n<p><strong>Le d\u00e9cret ex\u00e9cutif<\/strong> sign\u00e9 par Trump <strong>demande<\/strong> aux agences f\u00e9d\u00e9rales comp\u00e9tentes <strong>d\u2019initier le processus visant \u00e0 d\u00e9placer le cannabis vers le Schedule III<\/strong>, une cat\u00e9gorie qui inclut des <a href=\"https:\/\/www.gbthegreenbrand.fr\/blog\/blog\/?p=35517&#038;p=215906\" target=\"_blank\" rel=\"noreferrer noopener\">m\u00e9dicaments \u00e0 usage contr\u00f4l\u00e9<\/a> disposant d\u2019applications th\u00e9rapeutiques reconnues.<\/p>\n\n\n\n<p>Ce point est fondamental : il ne s\u2019agit pas d\u2019un simple ajustement administratif, mais bien d\u2019une <strong>reconnaissance institutionnelle que le cannabis ne correspond plus au r\u00e9cit historique qui l\u2019a entour\u00e9 pendant des d\u00e9cennies.<\/strong><\/p>\n\n\n\n<table style=\"width:100%; border-collapse: collapse;\">\r\n\r\n  <!-- T\u00cdTULO -->\r\n  <thead>\r\n    <tr>\r\n      <th colspan=\"4\" style=\"background-color:#00A58C; color:white; font-weight:bold; font-size:18px; padding:10px; text-align:center;\">\r\n        Classification des substances selon le syst\u00e8me Schedule (\u00c9tats-Unis)\r\n      <\/th>\r\n    <\/tr>\r\n\r\n    <tr style=\"background-color:#1E252C; color:white; font-weight:bold;\">\r\n      <th style=\"padding:8px; border:1px solid #ddd;\">Schedule<\/th>\r\n      <th style=\"padding:8px; border:1px solid #ddd;\">Description<\/th>\r\n      <th style=\"padding:8px; border:1px solid #ddd;\">Exemples de substances<\/th>\r\n      <th style=\"padding:8px; border:1px solid #ddd;\">Statut m\u00e9dical reconnu<\/th>\r\n    <\/tr>\r\n  <\/thead>\r\n\r\n  <tbody>\r\n\r\n    <tr>\r\n      <th style=\"padding:8px; border:1px solid #ddd; background-color:#00A58C; color:white; font-weight:bold;\">\r\n        Schedule I\r\n      <\/th>\r\n      <td style=\"padding:8px; border:1px solid #ddd;\">\r\n        Substances consid\u00e9r\u00e9es \u00e0 haut risque et sans usage m\u00e9dical reconnu au niveau f\u00e9d\u00e9ral\r\n      <\/td>\r\n      <td style=\"padding:8px; border:1px solid #ddd;\">\r\n        H\u00e9ro\u00efne, LSD, cannabis (jusqu\u2019\u00e0 pr\u00e9sent)\r\n      <\/td>\r\n      <td style=\"padding:8px; border:1px solid #ddd;\">\r\n        Non\r\n      <\/td>\r\n    <\/tr>\r\n\r\n    <tr>\r\n      <th style=\"padding:8px; border:1px solid #ddd; background-color:#00A58C; color:white; font-weight:bold;\">\r\n        Schedule II\r\n      <\/th>\r\n      <td style=\"padding:8px; border:1px solid #ddd;\">\r\n        Drogues \u00e0 usage m\u00e9dical limit\u00e9 et soumises \u00e0 un contr\u00f4le gouvernemental strict\r\n      <\/td>\r\n      <td style=\"padding:8px; border:1px solid #ddd;\">\r\n        Morphine, oxycodone\r\n      <\/td>\r\n      <td style=\"padding:8px; border:1px solid #ddd;\">\r\n        Oui, tr\u00e8s restreint\r\n      <\/td>\r\n    <\/tr>\r\n\r\n    <tr>\r\n      <th style=\"padding:8px; border:1px solid #ddd; background-color:#00A58C; color:white; font-weight:bold;\">\r\n        Schedule III\r\n      <\/th>\r\n      <td style=\"padding:8px; border:1px solid #ddd;\">\r\n        Substances \u00e0 usage m\u00e9dical reconnu et \u00e0 potentiel d\u2019abus plus faible\r\n      <\/td>\r\n      <td style=\"padding:8px; border:1px solid #ddd;\">\r\n        Cod\u00e9ine (faibles doses), k\u00e9tamine\r\n      <\/td>\r\n      <td style=\"padding:8px; border:1px solid #ddd;\">\r\n        Oui\r\n      <\/td>\r\n    <\/tr>\r\n\r\n    <tr>\r\n      <th style=\"padding:8px; border:1px solid #ddd; background-color:#00A58C; color:white; font-weight:bold;\">\r\n        Schedule IV\u2013V\r\n      <\/th>\r\n      <td style=\"padding:8px; border:1px solid #ddd;\">\r\n        M\u00e9dicaments \u00e0 faible potentiel d\u2019abus\r\n      <\/td>\r\n      <td style=\"padding:8px; border:1px solid #ddd;\">\r\n        Anxiolytiques, sirops \u00e0 base de cod\u00e9ine\r\n      <\/td>\r\n      <td style=\"padding:8px; border:1px solid #ddd;\">\r\n        Oui\r\n      <\/td>\r\n    <\/tr>\r\n\r\n  <\/tbody>\r\n<\/table>\n\n\n\n<h2 class=\"wp-block-heading\"><span class=\"ez-toc-section\" id=\"Du_Schedule_I_au_Schedule_III_ce_que_signifie_le_changement_impulse_par_Trump\"><\/span>Du Schedule I au Schedule III : ce que signifie le changement impuls\u00e9 par Trump<span class=\"ez-toc-section-end\"><\/span><\/h2>\n\n\n\n<p>Le passage du cannabis \u00e0 un schedule moins restrictif comporte des implications concr\u00e8tes importantes, bien qu\u2019elles ne soient pas imm\u00e9diates. <strong>Le processus administratif doit encore \u00eatre finalis\u00e9<\/strong>, ce qui peut prendre plusieurs mois, voire plus d\u2019un an. N\u00e9anmoins, le signal politique et r\u00e9glementaire est d\u00e9j\u00e0 clair.<\/p>\n\n\n\n<p><strong>Int\u00e9grer le Schedule III revient \u00e0 reconna\u00eetre que le cannabis peut avoir un usage m\u00e9dical accept\u00e9<\/strong>, tout en restant une substance r\u00e9glement\u00e9e. Cela facilite notamment :<\/p>\n\n\n\n<ul class=\"wp-block-list\">\n<li>Le d\u00e9veloppement d\u2019\u00e9tudes cliniques et d\u2019essais scientifiques.<\/li>\n\n\n\n<li>L\u2019acc\u00e8s des universit\u00e9s et centres m\u00e9dicaux aux mati\u00e8res destin\u00e9es \u00e0 la recherche.<\/li>\n\n\n\n<li>Une approche f\u00e9d\u00e9rale moins punitive.<\/li>\n\n\n\n<li>Une r\u00e9vision du cadre fiscal et r\u00e9glementaire applicable aux entreprises du secteur.<\/li>\n<\/ul>\n\n\n\n<p>Concr\u00e8tement, cela revient \u00e0 lever l\u2019un des principaux freins qui ont entrav\u00e9 l\u2019avanc\u00e9e des connaissances scientifiques sur le cannabis pendant des d\u00e9cennies.<\/p>\n\n\n\n<h2 class=\"wp-block-heading\"><span class=\"ez-toc-section\" id=\"Trump_et_levolution_du_discours_officiel_sur_le_cannabis\"><\/span>Trump et l\u2019\u00e9volution du discours officiel sur le cannabis<span class=\"ez-toc-section-end\"><\/span><\/h2>\n\n\n\n<p>La d\u00e9cision de Trump a surpris aussi bien ses opposants que ses alli\u00e9s. Historiquement, le discours conservateur am\u00e9ricain a \u00e9t\u00e9 l\u2019un des moteurs des politiques r\u00e9pressives en mati\u00e8re de drogues. Toutefois, le contexte social a profond\u00e9ment \u00e9volu\u00e9.<\/p>\n\n\n\n<p>Aujourd\u2019hui, une large majorit\u00e9 de la population am\u00e9ricaine soutient la l\u00e9galisation du cannabis m\u00e9dical, et une part significative approuve \u00e9galement un usage r\u00e9cr\u00e9atif r\u00e9glement\u00e9. Dans ce contexte, <strong>maintenir le cannabis dans le Schedule I devenait de plus en plus difficile \u00e0 justifier.<\/strong><\/p>\n\n\n\n<p>Trump a pr\u00e9sent\u00e9 cette <strong>mesure comme une r\u00e9ponse \u00e0 la souffrance de millions de personnes atteintes de douleurs chroniques, de maladies graves ou de troubles neurologiques, ainsi qu\u2019\u00e0 la n\u00e9cessit\u00e9 de moderniser un syst\u00e8me juridique obsol\u00e8te<\/strong>. Au-del\u00e0 de l\u2019analyse politique, <strong>ce geste marque un changement de ton significatif au niveau du gouvernement f\u00e9d\u00e9ral.<\/strong><\/p>\n\n\n<p>[ppgbo products=\u00a0\u00bb8250,8626,8623&Prime; language=\u00a0\u00bbfr\u00a0\u00bb]<\/p>\n\n\n\n<h2 class=\"wp-block-heading\"><span class=\"ez-toc-section\" id=\"Ce_qui_change_reellement_avec_la_reclassification\"><\/span>Ce qui change r\u00e9ellement avec la reclassification<span class=\"ez-toc-section-end\"><\/span><\/h2>\n\n\n\n<p>Bien qu\u2019il n\u2019y ait pas de l\u00e9galisation automatique, le changement de <em>schedule<\/em> entra\u00eene des effets concrets :<\/p>\n\n\n\n<h3 class=\"wp-block-heading\"><span class=\"ez-toc-section\" id=\"1_Davantage_de_recherche_scientifique\"><\/span><strong>1. Davantage de recherche scientifique<\/strong><span class=\"ez-toc-section-end\"><\/span><\/h3>\n\n\n\n<p>L\u2019ancien statut rendait l\u2019\u00e9tude du cannabis extr\u00eamement complexe. Avec le passage au <em>Schedule III<\/em>, les obstacles bureaucratiques sont r\u00e9duits et la recherche est normalis\u00e9e d\u2019un point de vue m\u00e9dical et pharmacologique.<\/p>\n\n\n\n<h3 class=\"wp-block-heading\"><span class=\"ez-toc-section\" id=\"2_Reconnaissance_officielle_de_lusage_therapeutique\"><\/span><strong>2. Reconnaissance officielle de l\u2019usage th\u00e9rapeutique<\/strong><span class=\"ez-toc-section-end\"><\/span><\/h3>\n\n\n\n<p>Le gouvernement f\u00e9d\u00e9ral reconna\u00eet officiellement que le cannabis peut avoir une valeur m\u00e9dicale, une r\u00e9alit\u00e9 qui n\u2019\u00e9tait auparavant admise que par certains \u00c9tats et par la communaut\u00e9 scientifique.<\/p>\n\n\n\n<h3 class=\"wp-block-heading\"><span class=\"ez-toc-section\" id=\"3_Allegement_partiel_pour_lindustrie_legale\"><\/span><strong>3. All\u00e8gement partiel pour l\u2019industrie l\u00e9gale<\/strong><span class=\"ez-toc-section-end\"><\/span><\/h3>\n\n\n\n<p>Les entreprises op\u00e9rant l\u00e9galement dans les \u00c9tats r\u00e9glement\u00e9s pourraient b\u00e9n\u00e9ficier d\u2019un cadre fiscal plus \u00e9quilibr\u00e9, m\u00eame si des difficult\u00e9s bancaires et commerciales persistent.<\/p>\n\n\n\n<h3 class=\"wp-block-heading\"><span class=\"ez-toc-section\" id=\"4_Evolution_du_discours_institutionnel\"><\/span><strong>4. \u00c9volution du discours institutionnel<\/strong><span class=\"ez-toc-section-end\"><\/span><\/h3>\n\n\n\n<p>Sortir le cannabis du <em>Schedule I<\/em> revient \u00e0 remettre en question l\u2019un des piliers symboliques de la \u00ab guerre contre les drogues \u00bb.<\/p>\n\n\n<div class=\"wp-block-image\">\n<figure class=\"aligncenter size-full\"><img loading=\"lazy\" decoding=\"async\" width=\"1000\" height=\"450\" src=\"https:\/\/www.growbarato.net\/blog\/wp-content\/uploads\/2025\/12\/Diseno-sin-titulo-2-3.jpg\" alt=\"Cannabis sous diff\u00e9rentes formes m\u00e9dicinales aux c\u00f4t\u00e9s de mat\u00e9riel sanitaire, illustrant l\u2019usage th\u00e9rapeutique, la recherche et la r\u00e9glementation du cannabis\" class=\"wp-image-219897\" srcset=\"https:\/\/www.gbthegreenbrand.fr\/blog\/wp-content\/uploads\/2025\/12\/Diseno-sin-titulo-2-3.jpg 1000w, https:\/\/www.gbthegreenbrand.fr\/blog\/wp-content\/uploads\/2025\/12\/Diseno-sin-titulo-2-3-300x135.jpg 300w, https:\/\/www.gbthegreenbrand.fr\/blog\/wp-content\/uploads\/2025\/12\/Diseno-sin-titulo-2-3-768x346.jpg 768w\" sizes=\"auto, (max-width: 1000px) 100vw, 1000px\" \/><\/figure>\n<\/div>\n\n\n<h2 class=\"wp-block-heading\"><span class=\"ez-toc-section\" id=\"Ce_qui_ne_change_PAS\"><\/span>Ce qui ne change PAS<span class=\"ez-toc-section-end\"><\/span><\/h2>\n\n\n\n<p>Malgr\u00e9 l\u2019impact m\u00e9diatique, certaines limites restent tr\u00e8s claires :<\/p>\n\n\n\n<ul class=\"wp-block-list\">\n<li><strong>Il n\u2019y a pas de l\u00e9galisation f\u00e9d\u00e9rale du cannabis.<\/strong><\/li>\n\n\n\n<li><strong>L\u2019usage r\u00e9cr\u00e9atif d\u00e9pend toujours de la l\u00e9gislation de chaque \u00c9tat.<\/strong><\/li>\n\n\n\n<li><strong>Le cannabis demeure une substance r\u00e9glement\u00e9e et contr\u00f4l\u00e9e.<\/strong><\/li>\n\n\n\n<li><strong>Les difficult\u00e9s juridiques et bancaires du secteur ne disparaissent pas automatiquement.<\/strong><\/li>\n<\/ul>\n\n\n\n<p>Le changement de <em>schedule<\/em> constitue une \u00e9tape, mais certainement pas l\u2019aboutissement du processus.<\/p>\n\n\n\n<table style=\"width:100%; border-collapse: collapse;\">\r\n\r\n  <!-- T\u00cdTULO -->\r\n  <thead>\r\n    <tr>\r\n      <th colspan=\"3\" style=\"background-color:#00A58C; color:white; font-weight:bold; font-size:18px; padding:10px; text-align:center;\">\r\n        Ce qui change en passant du Schedule I au Schedule III\r\n      <\/th>\r\n    <\/tr>\r\n\r\n    <tr style=\"background-color:#1E252C; color:white; font-weight:bold;\">\r\n      <th style=\"padding:8px; border:1px solid #ddd;\">Aspect<\/th>\r\n      <th style=\"padding:8px; border:1px solid #ddd;\">Avant (Schedule I)<\/th>\r\n      <th style=\"padding:8px; border:1px solid #ddd;\">Avec le passage au Schedule III<\/th>\r\n    <\/tr>\r\n  <\/thead>\r\n\r\n  <tbody>\r\n\r\n    <tr>\r\n      <th style=\"padding:8px; border:1px solid #ddd; background-color:#00A58C; color:white; font-weight:bold;\">\r\n        Reconnaissance m\u00e9dicale\r\n      <\/th>\r\n      <td style=\"padding:8px; border:1px solid #ddd;\">\r\n        Non reconnue au niveau f\u00e9d\u00e9ral\r\n      <\/td>\r\n      <td style=\"padding:8px; border:1px solid #ddd;\">\r\n        Usage m\u00e9dical officiellement accept\u00e9\r\n      <\/td>\r\n    <\/tr>\r\n\r\n    <tr>\r\n      <th style=\"padding:8px; border:1px solid #ddd; background-color:#00A58C; color:white; font-weight:bold;\">\r\n        Recherche scientifique\r\n      <\/th>\r\n      <td style=\"padding:8px; border:1px solid #ddd;\">\r\n        Fortement restreinte\r\n      <\/td>\r\n      <td style=\"padding:8px; border:1px solid #ddd;\">\r\n        Plus accessible pour les universit\u00e9s et laboratoires\r\n      <\/td>\r\n    <\/tr>\r\n\r\n    <tr>\r\n      <th style=\"padding:8px; border:1px solid #ddd; background-color:#00A58C; color:white; font-weight:bold;\">\r\n        L\u00e9galisation f\u00e9d\u00e9rale\r\n      <\/th>\r\n      <td style=\"padding:8px; border:1px solid #ddd;\">\r\n        Non\r\n      <\/td>\r\n      <td style=\"padding:8px; border:1px solid #ddd;\">\r\n        Non (toujours ill\u00e9gal au niveau f\u00e9d\u00e9ral)\r\n      <\/td>\r\n    <\/tr>\r\n\r\n    <tr>\r\n      <th style=\"padding:8px; border:1px solid #ddd; background-color:#00A58C; color:white; font-weight:bold;\">\r\n        Usage r\u00e9cr\u00e9atif\r\n      <\/th>\r\n      <td style=\"padding:8px; border:1px solid #ddd;\">\r\n        D\u00e9pend de l\u2019\u00c9tat\r\n      <\/td>\r\n      <td style=\"padding:8px; border:1px solid #ddd;\">\r\n        D\u00e9pend de l\u2019\u00c9tat (aucun changement)\r\n      <\/td>\r\n    <\/tr>\r\n\r\n    <tr>\r\n      <th style=\"padding:8px; border:1px solid #ddd; background-color:#00A58C; color:white; font-weight:bold;\">\r\n        Impact sur l\u2019industrie\r\n      <\/th>\r\n      <td style=\"padding:8px; border:1px solid #ddd;\">\r\n        Forte pression fiscale et juridique\r\n      <\/td>\r\n      <td style=\"padding:8px; border:1px solid #ddd;\">\r\n        All\u00e8gement partiel possible, non automatique\r\n      <\/td>\r\n    <\/tr>\r\n\r\n  <\/tbody>\r\n<\/table>\n\n\n\n<h2 class=\"wp-block-heading\"><span class=\"ez-toc-section\" id=\"CBD_cannabis_medical_et_population_senior\"><\/span>CBD, cannabis m\u00e9dical et population senior<span class=\"ez-toc-section-end\"><\/span><\/h2>\n\n\n\n<p>L\u2019un des aspects les plus int\u00e9ressants du d\u00e9bat suscit\u00e9 par cette reclassification concerne le r\u00f4le des cannabino\u00efdes non psychoactifs, comme le CBD. Bien que le d\u00e9cret ex\u00e9cutif n\u2019entre pas dans les d\u00e9tails, <strong>la nouvelle approche f\u00e9d\u00e9rale facilite une \u00e9valuation m\u00e9dicale plus pragmatique de ces compos\u00e9s<\/strong>.<\/p>\n\n\n\n<p>Cela peut \u00eatre particuli\u00e8rement pertinent pour les personnes \u00e2g\u00e9es, les patients souffrant de douleurs chroniques ou de maladies d\u00e9g\u00e9n\u00e9ratives, chez qui l\u2019int\u00e9r\u00eat pour des alternatives th\u00e9rapeutiques moins agressives ne cesse de cro\u00eetre.<\/p>\n\n\n\n<h2 class=\"wp-block-heading\"><span class=\"ez-toc-section\" id=\"Resistances_politiques_et_debat_ouvert_autour_de_Trump\"><\/span>R\u00e9sistances politiques et d\u00e9bat ouvert autour de Trump<span class=\"ez-toc-section-end\"><\/span><\/h2>\n\n\n\n<p>La d\u00e9cision de Trump n\u2019a pas fait l\u2019unanimit\u00e9. Certains secteurs politiques et sociaux continuent d\u2019exprimer des inqui\u00e9tudes concernant les effets potentiels sur la sant\u00e9 mentale, la s\u00e9curit\u00e9 routi\u00e8re ou le monde du travail.<\/p>\n\n\n\n<p>Cette confrontation de points de vue illustre une r\u00e9alit\u00e9 \u00e9vidente : <strong>la science, la soci\u00e9t\u00e9 et la politique n\u2019\u00e9voluent pas toujours au m\u00eame rythme<\/strong>. N\u00e9anmoins, le changement de <em>schedule<\/em> semble difficile \u00e0 inverser dans un contexte o\u00f9 de plus en plus d\u2019\u00c9tats r\u00e9glementent le cannabis sous diff\u00e9rentes formes.<\/p>\n\n\n\n<h2 class=\"wp-block-heading\"><span class=\"ez-toc-section\" id=\"Pourquoi_ce_changement_est_important_a_lechelle_mondiale\"><\/span>Pourquoi ce changement est important \u00e0 l\u2019\u00e9chelle mondiale<span class=\"ez-toc-section-end\"><\/span><\/h2>\n\n\n\n<p><strong>Les \u00c9tats-Unis restent une r\u00e9f\u00e9rence internationale en mati\u00e8re de politiques sur les drogues<\/strong>. Ce qui s\u2019y d\u00e9cide a souvent un effet domino dans d\u2019autres pays, notamment en Europe et en Am\u00e9rique latine.<\/p>\n\n\n\n<p>Le fait que le gouvernement f\u00e9d\u00e9ral am\u00e9ricain reconnaisse que le cannabis n\u2019a plus sa place dans le <em>Schedule I<\/em> renforce le d\u00e9bat mondial sur la r\u00e9glementation, l\u2019usage m\u00e9dical et des approches fond\u00e9es sur la sant\u00e9 publique plut\u00f4t que sur la sanction syst\u00e9matique.<\/p>\n\n\n\n<p><strong>La reclassification impuls\u00e9e par Trump ne rend pas le cannabis inoffensif<\/strong>, mais elle le retire d\u2019une cat\u00e9gorie qui ne correspondait plus aux donn\u00e9es scientifiques disponibles. Il s\u2019agit d\u2019un pas vers un d\u00e9bat plus m\u00fbr, moins id\u00e9ologique et davantage fond\u00e9 sur les faits.<\/p>\n\n\n<div class=\"wp-block-image\">\n<figure class=\"aligncenter size-full\"><img loading=\"lazy\" decoding=\"async\" width=\"1000\" height=\"450\" src=\"https:\/\/www.growbarato.net\/blog\/wp-content\/uploads\/2025\/12\/Diseno-sin-titulo-3-1.jpg\" alt=\"Document juridique sur la reclassification du cannabis accompagn\u00e9 d\u2019un maillet judiciaire et de fleurs de cannabis, symbolisant les changements r\u00e9glementaires et le d\u00e9bat l\u00e9gislatif\" class=\"wp-image-219903\" srcset=\"https:\/\/www.gbthegreenbrand.fr\/blog\/wp-content\/uploads\/2025\/12\/Diseno-sin-titulo-3-1.jpg 1000w, https:\/\/www.gbthegreenbrand.fr\/blog\/wp-content\/uploads\/2025\/12\/Diseno-sin-titulo-3-1-300x135.jpg 300w, https:\/\/www.gbthegreenbrand.fr\/blog\/wp-content\/uploads\/2025\/12\/Diseno-sin-titulo-3-1-768x346.jpg 768w\" sizes=\"auto, (max-width: 1000px) 100vw, 1000px\" \/><\/figure>\n<\/div>\n\n\n<p>Chez GB The Green Brand, nous continuerons \u00e0 privil\u00e9gier une information claire, responsable et contextualis\u00e9e. Car comprendre le cannabis est la premi\u00e8re \u00e9tape pour le r\u00e9glementer et l\u2019utiliser de mani\u00e8re \u00e9clair\u00e9e.<\/p>\n\n\n\n<style>\r\n  .accordion-container {\r\n    width: 100%;\r\n    margin: 0 0 20px;\r\n    clear: both;\r\n  }\r\n  h3.accordion-titulo {\r\n    margin-bottom: 0;\r\n    margin-top: 2%;\r\n  }\r\n  .accordion-titulo {\r\n    position: relative;\r\n    display: block;\r\n    padding: 10px 20px;\r\n    font-size: 18px;\r\n    font-weight: 300;\r\n    border: 1px solid #000;\r\n    color: #000;\r\n    text-decoration: none;\r\n    cursor: pointer;\r\n  }\r\n  .accordion-titulo.open {\r\n    color: #00ab8e;\r\n    border-color: #00ab8e;\r\n  }\r\n  .accordion-titulo:hover {\r\n    color: #00ab8e;\r\n    border-color: #00ab8e;\r\n  }\r\n  .accordion-titulo span.toggle-icon:before {\r\n    content:\"+\";\r\n  }\r\n  .accordion-titulo.open span.toggle-icon:before {\r\n    content:\"-\";\r\n  }\r\n  .accordion-titulo span.toggle-icon {\r\n    position: absolute;\r\n    top: 6px;\r\n    right: 20px;\r\n    font-size: 26px;\r\n    font-weight: bold;\r\n  }\r\n  .accordion-content {\r\n    display: none;\r\n    padding: 20px;\r\n    overflow: auto;\r\n    font-family: 'Roboto', sans-serif;\r\n    font-size: 16px;\r\n  }\r\n  @media (max-width: 767px) {\r\n    h3.accordion-titulo {\r\n      padding-right: 12%;\r\n    }\r\n  }\r\n<\/style>\r\n\r\n<script>\r\n  jQuery(document).ready(function($) {\r\n    $(\".accordion-titulo\").click(function(){\r\n      var contenido = $(this).next(\".accordion-content\");\r\n      if (contenido.css(\"display\") === \"none\") {\r\n        contenido.slideDown(250);\r\n        $(this).addClass(\"open\");\r\n      } else {\r\n        contenido.slideUp(250);\r\n        $(this).removeClass(\"open\");\r\n      }\r\n    });\r\n  });\r\n<\/script>\r\n\r\n<div class=\"accordion-container\" itemscope itemtype=\"https:\/\/schema.org\/FAQPage\" style=\"width: 80%; max-width: 100%\">\r\n  <h2 style=\"width: 100% !important;\"><span class=\"ez-toc-section\" id=\"Questions_frequentes_FAQ\"><\/span>Questions fr\u00e9quentes (FAQ)<span class=\"ez-toc-section-end\"><\/span><\/h2>\r\n\r\n  <!-- FAQ 1 -->\r\n  <div itemscope itemprop=\"mainEntity\" itemtype=\"https:\/\/schema.org\/Question\">\r\n    <h3 itemprop=\"name\" class=\"accordion-titulo\" style=\"width: 100% !important;\"><span class=\"ez-toc-section\" id=\"Le_changement_de_schedule_permet-il_de_consommer_du_cannabis_legalement_dans_tous_les_Etats-Unis\"><\/span>\r\n      Le changement de schedule permet-il de consommer du cannabis l\u00e9galement dans tous les \u00c9tats-Unis ?\r\n      <span class=\"toggle-icon\"><\/span>\r\n    <span class=\"ez-toc-section-end\"><\/span><\/h3>\r\n    <div class=\"accordion-content\" itemscope itemprop=\"acceptedAnswer\" itemtype=\"https:\/\/schema.org\/Answer\">\r\n      <div itemprop=\"text\">\r\n        Non. La consommation reste r\u00e9gie par les <b>lois de chaque \u00c9tat<\/b> et le cannabis demeure <b>ill\u00e9gal au niveau f\u00e9d\u00e9ral<\/b>.\r\n      <\/div>\r\n    <\/div>\r\n  <\/div>\r\n\r\n  <!-- FAQ 2 -->\r\n  <div itemscope itemprop=\"mainEntity\" itemtype=\"https:\/\/schema.org\/Question\">\r\n    <h3 itemprop=\"name\" class=\"accordion-titulo\" style=\"width: 100% !important;\"><span class=\"ez-toc-section\" id=\"Quand_la_reclassification_du_cannabis_entre-t-elle_en_vigueur\"><\/span>\r\n      Quand la reclassification du cannabis entre-t-elle en vigueur ?\r\n      <span class=\"toggle-icon\"><\/span>\r\n    <span class=\"ez-toc-section-end\"><\/span><\/h3>\r\n    <div class=\"accordion-content\" itemscope itemprop=\"acceptedAnswer\" itemtype=\"https:\/\/schema.org\/Answer\">\r\n      <div itemprop=\"text\">\r\n        Le d\u00e9cret lance un <b>processus administratif<\/b> qui peut prendre <b>plusieurs mois, voire plus d\u2019un an<\/b>.\r\n      <\/div>\r\n    <\/div>\r\n  <\/div>\r\n\r\n  <!-- FAQ 3 -->\r\n  <div itemscope itemprop=\"mainEntity\" itemtype=\"https:\/\/schema.org\/Question\">\r\n    <h3 itemprop=\"name\" class=\"accordion-titulo\" style=\"width: 100% !important;\"><span class=\"ez-toc-section\" id=\"Le_CBD_est-il_directement_concerne_par_cette_decision\"><\/span>\r\n      Le CBD est-il directement concern\u00e9 par cette d\u00e9cision ?\r\n      <span class=\"toggle-icon\"><\/span>\r\n    <span class=\"ez-toc-section-end\"><\/span><\/h3>\r\n    <div class=\"accordion-content\" itemscope itemprop=\"acceptedAnswer\" itemtype=\"https:\/\/schema.org\/Answer\">\r\n      <div itemprop=\"text\">\r\n        De mani\u00e8re <b>indirecte<\/b>, oui. La nouvelle approche facilite son <b>\u00e9valuation m\u00e9dicale<\/b>, bien que le CBD reste sous la <b>supervision d\u2019agences<\/b> telles que la FDA.\r\n      <\/div>\r\n    <\/div>\r\n  <\/div>\r\n\r\n  <!-- FAQ 4 -->\r\n  <div itemscope itemprop=\"mainEntity\" itemtype=\"https:\/\/schema.org\/Question\">\r\n    <h3 itemprop=\"name\" class=\"accordion-titulo\" style=\"width: 100% !important;\"><span class=\"ez-toc-section\" id=\"Les_entreprises_du_cannabis_pourront-elles_operer_librement_apres_ce_changement\"><\/span>\r\n      Les entreprises du cannabis pourront-elles op\u00e9rer librement apr\u00e8s ce changement ?\r\n      <span class=\"toggle-icon\"><\/span>\r\n    <span class=\"ez-toc-section-end\"><\/span><\/h3>\r\n    <div class=\"accordion-content\" itemscope itemprop=\"acceptedAnswer\" itemtype=\"https:\/\/schema.org\/Answer\">\r\n      <div itemprop=\"text\">\r\n        Pas totalement. Malgr\u00e9 une am\u00e9lioration du <b>cadre r\u00e9glementaire<\/b>, des <b>restrictions bancaires et commerciales<\/b> subsistent.\r\n      <\/div>\r\n    <\/div>\r\n  <\/div>\r\n\r\n  <!-- FAQ 5 -->\r\n  <div itemscope itemprop=\"mainEntity\" itemtype=\"https:\/\/schema.org\/Question\">\r\n    <h3 itemprop=\"name\" class=\"accordion-titulo\" style=\"width: 100% !important;\"><span class=\"ez-toc-section\" id=\"Ce_changement_peut-il_influencer_la_legislation_europeenne\"><\/span>\r\n      Ce changement peut-il influencer la l\u00e9gislation europ\u00e9enne ?\r\n      <span class=\"toggle-icon\"><\/span>\r\n    <span class=\"ez-toc-section-end\"><\/span><\/h3>\r\n    <div class=\"accordion-content\" itemscope itemprop=\"acceptedAnswer\" itemtype=\"https:\/\/schema.org\/Answer\">\r\n      <div itemprop=\"text\">\r\n        Pas directement, mais il <b>alimente le d\u00e9bat<\/b> et sert de <b>r\u00e9f\u00e9rence<\/b> pour d\u2019\u00e9ventuelles r\u00e9formes dans d\u2019autres pays.\r\n      <\/div>\r\n    <\/div>\r\n  <\/div>\r\n\r\n<\/div>\n\n\n\n<p><br><\/p>\n<div style='text-align:center' class='yasr-auto-insert-visitor'><\/div>","protected":false},"excerpt":{"rendered":"<p>La politique du cannabis aux \u00c9tats-Unis vient de conna\u00eetre l\u2019un de ses tournants les plus marquants depuis plusieurs d\u00e9cennies. Le pr\u00e9sident Donald Trump a sign\u00e9 un d\u00e9cret ex\u00e9cutif visant \u00e0 promouvoir la reclassification f\u00e9d\u00e9rale du cannabis, en le retirant de la cat\u00e9gorie la plus restrictive du syst\u00e8me juridique am\u00e9ricain, le Schedule I. Bien que l\u2019annonce\u2026 <span class=\"leermas\" onclick=\"window.location.href='https:\/\/www.gbthegreenbrand.fr\/blog\/trump-reclasse-le-cannabis-aux-etats-unis-de-schedule-i-a-schedule-iii\/'\">Lire la suite<\/span ><\/p>\n","protected":false},"author":18,"featured_media":219924,"comment_status":"open","ping_status":"closed","sticky":false,"template":"","format":"standard","meta":{"wprm-recipe-roundup-name":"","wprm-recipe-roundup-description":"","yasr_overall_rating":0,"yasr_post_is_review":"","yasr_auto_insert_disabled":"","yasr_review_type":"","footnotes":""},"categories":[225],"tags":[],"class_list":["post-220231","post","type-post","status-publish","format-standard","has-post-thumbnail","hentry","category-actualites-sur-le-cannabis"],"yasr_visitor_votes":{"stars_attributes":{"read_only":false,"span_bottom":false},"number_of_votes":10,"sum_votes":46},"_links":{"self":[{"href":"https:\/\/www.gbthegreenbrand.fr\/blog\/wp-json\/wp\/v2\/posts\/220231","targetHints":{"allow":["GET"]}}],"collection":[{"href":"https:\/\/www.gbthegreenbrand.fr\/blog\/wp-json\/wp\/v2\/posts"}],"about":[{"href":"https:\/\/www.gbthegreenbrand.fr\/blog\/wp-json\/wp\/v2\/types\/post"}],"author":[{"embeddable":true,"href":"https:\/\/www.gbthegreenbrand.fr\/blog\/wp-json\/wp\/v2\/users\/18"}],"replies":[{"embeddable":true,"href":"https:\/\/www.gbthegreenbrand.fr\/blog\/wp-json\/wp\/v2\/comments?post=220231"}],"version-history":[{"count":5,"href":"https:\/\/www.gbthegreenbrand.fr\/blog\/wp-json\/wp\/v2\/posts\/220231\/revisions"}],"predecessor-version":[{"id":221955,"href":"https:\/\/www.gbthegreenbrand.fr\/blog\/wp-json\/wp\/v2\/posts\/220231\/revisions\/221955"}],"wp:featuredmedia":[{"embeddable":true,"href":"https:\/\/www.gbthegreenbrand.fr\/blog\/wp-json\/wp\/v2\/media\/219924"}],"wp:attachment":[{"href":"https:\/\/www.gbthegreenbrand.fr\/blog\/wp-json\/wp\/v2\/media?parent=220231"}],"wp:term":[{"taxonomy":"category","embeddable":true,"href":"https:\/\/www.gbthegreenbrand.fr\/blog\/wp-json\/wp\/v2\/categories?post=220231"},{"taxonomy":"post_tag","embeddable":true,"href":"https:\/\/www.gbthegreenbrand.fr\/blog\/wp-json\/wp\/v2\/tags?post=220231"}],"curies":[{"name":"wp","href":"https:\/\/api.w.org\/{rel}","templated":true}]}}