{"id":222837,"date":"2026-03-11T10:00:00","date_gmt":"2026-03-11T09:00:00","guid":{"rendered":"https:\/\/www.growbarato.net\/blog\/?p=222837"},"modified":"2026-03-06T10:42:46","modified_gmt":"2026-03-06T09:42:46","slug":"cannabis-et-depression","status":"publish","type":"post","link":"https:\/\/www.gbthegreenbrand.fr\/blog\/cannabis-et-depression\/","title":{"rendered":"Cannabis et d\u00e9pression : efficacit\u00e9 du cannabis m\u00e9dical et risques potentiels"},"content":{"rendered":"\n<p>Il arrive que le moral ne remonte pas, que le sommeil ne soit pas r\u00e9parateur et que tout semble plus difficile que d\u2019habitude. Lorsque cette situation s\u2019installe dans la dur\u00e9e, il est l\u00e9gitime de se demander s\u2019il existe d\u2019autres solutions pour mieux faire face, notamment lorsque les traitements classiques ne donnent pas les r\u00e9sultats attendus ou entra\u00eenent des effets secondaires difficiles \u00e0 supporter.<\/p>\n\n\n\n<p>Dans ce contexte, <strong>l\u2019usage des cannabino\u00efdes est de plus en plus pr\u00e9sent dans les discussions<\/strong>, en particulier pour leur lien avec le sommeil, l\u2019<a href=\"https:\/\/www.gbthegreenbrand.fr\/blog\/bienfaits-du-cbd-sur-lanxiete\/\">anxi\u00e9t\u00e9<\/a> et la perception du bien-\u00eatre. C\u2019est pourquoi de nombreuses personnes s\u2019interrogent aujourd\u2019hui sur la relation entre <strong>cannabis et d\u00e9pression<\/strong> : s\u2019agit-il d\u2019une option cr\u00e9dible dans un cadre m\u00e9dical ou d\u2019un risque suppl\u00e9mentaire \u00e0 prendre en compte&nbsp;?<\/p>\n\n\n\n<p>Aborder ce sujet exige d\u2019aller au-del\u00e0 des opinions et des exp\u00e9riences isol\u00e9es. Il est essentiel de comprendre ce que dit r\u00e9ellement la science, quelles sont les limites fix\u00e9es par la l\u00e9gislation en France et en Europe, et dans quels cas une vigilance accrue s\u2019impose.<\/p>\n\n\n\n<div id=\"ez-toc-container\" class=\"ez-toc-v2_0_82_2 counter-hierarchy ez-toc-counter ez-toc-grey ez-toc-container-direction\">\n<label for=\"ez-toc-cssicon-toggle-item-69f109f254889\" class=\"ez-toc-cssicon-toggle-label\"><p class=\"ez-toc-title\" style=\"cursor:inherit\">Contenido<\/p>\n<span class=\"ez-toc-cssicon\"><span class=\"eztoc-hide\" style=\"display:none;\">Toggle<\/span><span class=\"ez-toc-icon-toggle-span\"><svg style=\"fill: #999;color:#999\" xmlns=\"http:\/\/www.w3.org\/2000\/svg\" class=\"list-377408\" width=\"20px\" height=\"20px\" viewBox=\"0 0 24 24\" fill=\"none\"><path d=\"M6 6H4v2h2V6zm14 0H8v2h12V6zM4 11h2v2H4v-2zm16 0H8v2h12v-2zM4 16h2v2H4v-2zm16 0H8v2h12v-2z\" fill=\"currentColor\"><\/path><\/svg><svg style=\"fill: #999;color:#999\" class=\"arrow-unsorted-368013\" xmlns=\"http:\/\/www.w3.org\/2000\/svg\" width=\"10px\" height=\"10px\" viewBox=\"0 0 24 24\" version=\"1.2\" baseProfile=\"tiny\"><path d=\"M18.2 9.3l-6.2-6.3-6.2 6.3c-.2.2-.3.4-.3.7s.1.5.3.7c.2.2.4.3.7.3h11c.3 0 .5-.1.7-.3.2-.2.3-.5.3-.7s-.1-.5-.3-.7zM5.8 14.7l6.2 6.3 6.2-6.3c.2-.2.3-.5.3-.7s-.1-.5-.3-.7c-.2-.2-.4-.3-.7-.3h-11c-.3 0-.5.1-.7.3-.2.2-.3.5-.3.7s.1.5.3.7z\"\/><\/svg><\/span><\/span><\/label><input type=\"checkbox\"  id=\"ez-toc-cssicon-toggle-item-69f109f254889\"  \/><nav><ul class='ez-toc-list ez-toc-list-level-1 ' ><li class='ez-toc-page-1 ez-toc-heading-level-2'><a class=\"ez-toc-link ez-toc-heading-1\" href=\"https:\/\/www.gbthegreenbrand.fr\/blog\/cannabis-et-depression\/#Quest-ce_que_la_depression_et_pourquoi_aucune_solution_nest_universelle\" >Qu\u2019est-ce que la d\u00e9pression et pourquoi aucune solution n\u2019est universelle&nbsp;?<\/a><\/li><li class='ez-toc-page-1 ez-toc-heading-level-2'><a class=\"ez-toc-link ez-toc-heading-2\" href=\"https:\/\/www.gbthegreenbrand.fr\/blog\/cannabis-et-depression\/#Traiter_la_depression_avec_le_cannabis_medical_distinguer_attentes_et_realite\" >Traiter la d\u00e9pression avec le cannabis m\u00e9dical&nbsp;: distinguer attentes et r\u00e9alit\u00e9<\/a><ul class='ez-toc-list-level-3' ><li class='ez-toc-heading-level-3'><a class=\"ez-toc-link ez-toc-heading-3\" href=\"https:\/\/www.gbthegreenbrand.fr\/blog\/cannabis-et-depression\/#Que_dit_la_recherche_scientifique\" >Que dit la recherche scientifique&nbsp;?<\/a><\/li><\/ul><\/li><li class='ez-toc-page-1 ez-toc-heading-level-2'><a class=\"ez-toc-link ez-toc-heading-4\" href=\"https:\/\/www.gbthegreenbrand.fr\/blog\/cannabis-et-depression\/#Tableau_des_risques_et_signaux_dalerte_en_sante_mentale\" >Tableau des risques et signaux d\u2019alerte en sant\u00e9 mentale<\/a><\/li><li class='ez-toc-page-1 ez-toc-heading-level-2'><a class=\"ez-toc-link ez-toc-heading-5\" href=\"https:\/\/www.gbthegreenbrand.fr\/blog\/cannabis-et-depression\/#Difference_entre_cannabis_medical_et_produits_au_CBD_en_vente_libre\" >Diff\u00e9rence entre cannabis m\u00e9dical et produits au CBD en vente libre<\/a><\/li><li class='ez-toc-page-1 ez-toc-heading-level-2'><a class=\"ez-toc-link ez-toc-heading-6\" href=\"https:\/\/www.gbthegreenbrand.fr\/blog\/cannabis-et-depression\/#Risques_et_effets_secondaires_a_connaitre\" >Risques et effets secondaires \u00e0 conna\u00eetre<\/a><\/li><li class='ez-toc-page-1 ez-toc-heading-level-2'><a class=\"ez-toc-link ez-toc-heading-7\" href=\"https:\/\/www.gbthegreenbrand.fr\/blog\/cannabis-et-depression\/#Comment_en_parler_a_un_professionnel_si_la_depression_vous_inquiete\" >Comment en parler \u00e0 un professionnel si la d\u00e9pression vous inqui\u00e8te&nbsp;?<\/a><\/li><li class='ez-toc-page-1 ez-toc-heading-level-2'><a class=\"ez-toc-link ez-toc-heading-8\" href=\"https:\/\/www.gbthegreenbrand.fr\/blog\/cannabis-et-depression\/#FAQ_sur_cannabis_et_depression\" >FAQ sur cannabis et d\u00e9pression<\/a><ul class='ez-toc-list-level-3' ><li class='ez-toc-heading-level-3'><a class=\"ez-toc-link ez-toc-heading-9\" href=\"https:\/\/www.gbthegreenbrand.fr\/blog\/cannabis-et-depression\/#Le_cannabis_medical_ou_le_CBD_peuvent-ils_aggraver_une_depression_au_lieu_daider\" >Le cannabis m\u00e9dical ou le CBD peuvent-ils aggraver une d\u00e9pression au lieu d\u2019aider&nbsp;?<\/a><\/li><li class='ez-toc-page-1 ez-toc-heading-level-3'><a class=\"ez-toc-link ez-toc-heading-10\" href=\"https:\/\/www.gbthegreenbrand.fr\/blog\/cannabis-et-depression\/#Quelle_est_la_difference_entre_cannabis_medical_prescrit_et_huilesfleurs_de_CBD_vendues_dans_le_commerce\" >Quelle est la diff\u00e9rence entre cannabis m\u00e9dical prescrit et huiles\/fleurs de CBD vendues dans le commerce&nbsp;?<\/a><\/li><li class='ez-toc-page-1 ez-toc-heading-level-3'><a class=\"ez-toc-link ez-toc-heading-11\" href=\"https:\/\/www.gbthegreenbrand.fr\/blog\/cannabis-et-depression\/#Peut-on_associer_cannabis_medical_ou_CBD_avec_des_antidepresseurs_ISRSIRSN_sans_risque\" >Peut-on associer cannabis m\u00e9dical ou CBD avec des antid\u00e9presseurs (ISRS\/IRSN) sans risque&nbsp;?<\/a><\/li><li class='ez-toc-page-1 ez-toc-heading-level-3'><a class=\"ez-toc-link ez-toc-heading-12\" href=\"https:\/\/www.gbthegreenbrand.fr\/blog\/cannabis-et-depression\/#Peut-on_etre_positif_a_un_test_de_depistage_en_utilisant_des_produits_au_CBD\" >Peut-on \u00eatre positif \u00e0 un test de d\u00e9pistage en utilisant des produits au CBD&nbsp;?<\/a><\/li><li class='ez-toc-page-1 ez-toc-heading-level-3'><a class=\"ez-toc-link ez-toc-heading-13\" href=\"https:\/\/www.gbthegreenbrand.fr\/blog\/cannabis-et-depression\/#En_cas_de_depression_quelles_alternatives_avec_preuves_solides_privilegier_avant_denvisager_les_cannabinoides\" >En cas de d\u00e9pression, quelles alternatives avec preuves solides privil\u00e9gier avant d\u2019envisager les cannabino\u00efdes&nbsp;?<\/a><\/li><\/ul><\/li><\/ul><\/nav><\/div>\n<h2 class=\"wp-block-heading\"><span class=\"ez-toc-section\" id=\"Quest-ce_que_la_depression_et_pourquoi_aucune_solution_nest_universelle\"><\/span>Qu\u2019est-ce que la d\u00e9pression et pourquoi aucune solution n\u2019est universelle&nbsp;?<span class=\"ez-toc-section-end\"><\/span><\/h2>\n\n\n\n<p>La <a href=\"https:\/\/www.who.int\/fr\/news-room\/fact-sheets\/detail\/depression\" target=\"_blank\" rel=\"noopener\">d\u00e9pression<\/a> est un <strong>trouble de l\u2019humeur qui affecte la fa\u00e7on dont une personne ressent, pense et agit au quotidien<\/strong>. Les sympt\u00f4mes incluent g\u00e9n\u00e9ralement une tristesse persistante, une perte d\u2019int\u00e9r\u00eat pour les activit\u00e9s habituelles, des troubles du sommeil, une fatigue importante et des changements d\u2019app\u00e9tit. Sans prise en charge adapt\u00e9e, elle peut alt\u00e9rer significativement la qualit\u00e9 de vie.<\/p>\n\n\n<div class=\"wp-block-image\">\n<figure class=\"aligncenter size-full\"><img loading=\"lazy\" decoding=\"async\" width=\"1000\" height=\"450\" src=\"https:\/\/www.growbarato.net\/blog\/wp-content\/uploads\/2026\/02\/depresion-con-cannabis-medicinal.jpg\" alt=\"Femme assise sur le lit pr\u00e9sentant des signes d\u2019anxi\u00e9t\u00e9 nocturne et des difficult\u00e9s d\u2019endormissement\" class=\"wp-image-221534\" srcset=\"https:\/\/www.gbthegreenbrand.fr\/blog\/wp-content\/uploads\/2026\/02\/depresion-con-cannabis-medicinal.jpg 1000w, https:\/\/www.gbthegreenbrand.fr\/blog\/wp-content\/uploads\/2026\/02\/depresion-con-cannabis-medicinal-300x135.jpg 300w, https:\/\/www.gbthegreenbrand.fr\/blog\/wp-content\/uploads\/2026\/02\/depresion-con-cannabis-medicinal-768x346.jpg 768w\" sizes=\"auto, (max-width: 1000px) 100vw, 1000px\" \/><\/figure>\n<\/div>\n\n\n<p>Il n\u2019existe donc pas une seule mani\u00e8re de la traiter. Dans de nombreux cas, une combinaison de psychoth\u00e9rapie, de traitement m\u00e9dicamenteux et d\u2019adaptations du mode de vie est recommand\u00e9e. Toutefois, <strong>les r\u00e9ponses varient d\u2019une personne \u00e0 l\u2019autre<\/strong>. C\u2019est \u00e0 ce moment que surgissent des interrogations sur d\u2019autres approches susceptibles d\u2019att\u00e9nuer certains <strong>sympt\u00f4mes sp\u00e9cifiques<\/strong>, m\u00eame si elles ne traitent pas la cause profonde.<\/p>\n\n\n\n<p>L\u2019int\u00e9r\u00eat pour le cannabis \u00e0 usage m\u00e9dical appara\u00eet souvent lorsque la d\u00e9pression s\u2019accompagne d\u2019anxi\u00e9t\u00e9, d\u2019insomnies ou d\u2019une tension constante.<\/p>\n\n\n\n<h2 class=\"wp-block-heading\"><span class=\"ez-toc-section\" id=\"Traiter_la_depression_avec_le_cannabis_medical_distinguer_attentes_et_realite\"><\/span>Traiter la d\u00e9pression avec le cannabis m\u00e9dical&nbsp;: distinguer attentes et r\u00e9alit\u00e9<span class=\"ez-toc-section-end\"><\/span><\/h2>\n\n\n\n<p>Parler de <strong>cannabis et d\u00e9pression<\/strong> n\u00e9cessite de prendre du recul face aux discours parfois polaris\u00e9s. Il ne s\u2019agit ni d\u2019une solution miracle, ni d\u2019un sujet \u00e0 aborder avec crainte excessive. Comme pour de nombreux outils li\u00e9s au bien-\u00eatre, <strong>l\u2019essentiel est de comprendre ses limites et son potentiel r\u00e9el<\/strong>.<\/p>\n\n\n\n<p>D\u2019un point de vue scientifique, le cannabis m\u00e9dical <strong>n\u2019est pas consid\u00e9r\u00e9 comme un antid\u00e9presseur \u00e0 part enti\u00e8re<\/strong>. Il peut toutefois agir sur certains facteurs associ\u00e9s au bien-\u00eatre. Des \u00e9l\u00e9ments tels que le <a href=\"https:\/\/www.gbthegreenbrand.fr\/blog\/comment-le-cannabis-aide-a-trouver-le-sommeil\/\">sommeil<\/a>, la perception du stress ou certaines douleurs physiques li\u00e9es \u00e0 la d\u00e9pression peuvent, dans certains cas, \u00eatre modul\u00e9s.<\/p>\n\n\n\n<h3 class=\"wp-block-heading\"><span class=\"ez-toc-section\" id=\"Que_dit_la_recherche_scientifique\"><\/span>Que dit la recherche scientifique&nbsp;?<span class=\"ez-toc-section-end\"><\/span><\/h3>\n\n\n\n<ul class=\"wp-block-list\">\n<li><strong>\u00c9tudes de petite ampleur&nbsp;:<\/strong> Certains essais cliniques incluent un nombre limit\u00e9 de participants et ne montrent pas d\u2019am\u00e9lioration significative des sympt\u00f4mes d\u00e9pressifs avec le THC ou des combinaisons THC\/CBD par rapport \u00e0 un placebo ou \u00e0 des traitements actifs.<\/li>\n\n\n\n<li><strong>Recherches pr\u00e9cliniques sur le CBD&nbsp;:<\/strong> Dans des mod\u00e8les animaux et quelques donn\u00e9es pr\u00e9liminaires chez l\u2019humain, le CBD semble interagir avec des r\u00e9cepteurs impliqu\u00e9s dans la r\u00e9gulation de l\u2019humeur. Cependant, ces r\u00e9sultats ne constituent pas encore une preuve clinique solide.<\/li>\n\n\n\n<li><strong>R\u00e9sultats observationnels contrast\u00e9s&nbsp;:<\/strong> Les \u00e9tudes observationnelles pr\u00e9sentent des conclusions h\u00e9t\u00e9rog\u00e8nes. Dans certains cas, une consommation non encadr\u00e9e ou r\u00e9cr\u00e9ative de cannabis est associ\u00e9e \u00e0 une \u00e9volution moins favorable de l\u2019humeur \u00e0 long terme. En revanche, <strong>dans des contextes m\u00e9dicaux supervis\u00e9s, certains patients rapportent une am\u00e9lioration subjective de sympt\u00f4mes associ\u00e9s, comme l\u2019anxi\u00e9t\u00e9 ou les troubles du sommeil.<\/strong><\/li>\n<\/ul>\n\n\n\n<p>Ces donn\u00e9es ne permettent pas d\u2019\u00e9tablir des conclusions d\u00e9finitives, mais elles soulignent un point essentiel&nbsp;: <strong>le contexte est d\u00e9terminant<\/strong>. Les <a href=\"https:\/\/pubmed.ncbi.nlm.nih.gov\/38211630\/\" target=\"_blank\" rel=\"noopener\">\u00e9tudes<\/a> diff\u00e8rent quant aux produits utilis\u00e9s, aux dosages, \u00e0 la dur\u00e9e et au profil des participants. Il est donc plus pertinent de consid\u00e9rer le cannabis m\u00e9dical comme un domaine en \u00e9volution, o\u00f9 les connaissances progressent continuellement.<\/p>\n\n\n\n<p>Pour \u00e9valuer l\u2019usage du cannabis m\u00e9dical dans la d\u00e9pression, il est indispensable d\u2019examiner attentivement la qualit\u00e9 m\u00e9thodologique des recherches existantes, car les r\u00e9sultats varient selon le contexte, le type de produit et le profil des personnes concern\u00e9es.<\/p>\n\n\n\n<p>Le tableau ci-dessous r\u00e9sume les principaux enseignements issus de la recherche scientifique actuelle sur le cannabis (et ses compos\u00e9s) en lien avec la d\u00e9pression et les troubles de l\u2019humeur.<\/p>\n\n\n\n<table style=\"width:100%; border-collapse: collapse;\">\n\n  <!-- T\u00cdTULO -->\n  <thead>\n    <tr>\n      <th colspan=\"4\" style=\"background-color:#00A58C; color:white; font-weight:bold; font-size:18px; padding:10px; text-align:center;\">\n        Donn\u00e9es scientifiques sur cannabis et d\u00e9pression\n      <\/th>\n    <\/tr>\n\n    <tr style=\"background-color:#1E252C; color:white; font-weight:bold;\">\n      <th style=\"padding:8px; border:1px solid #ddd;\">Approche \/ Cannabis<\/th>\n      <th style=\"padding:8px; border:1px solid #ddd;\">Principaux r\u00e9sultats<\/th>\n      <th style=\"padding:8px; border:1px solid #ddd;\">Type de preuve<\/th>\n      <th style=\"padding:8px; border:1px solid #ddd;\">Interpr\u00e9tation pratique<\/th>\n    <\/tr>\n  <\/thead>\n\n  <tbody>\n\n    <tr>\n      <th style=\"padding:8px; border:1px solid #ddd; background-color:#00A58C; color:white; font-weight:bold;\">\n        Cannabis avec THC + CBD\n      <\/th>\n      <td style=\"padding:8px; border:1px solid #ddd;\">\n        Pas d\u2019am\u00e9lioration significative de la d\u00e9pression par rapport au placebo ou aux traitements actifs\n      <\/td>\n      <td style=\"padding:8px; border:1px solid #ddd;\">\n        Essais cliniques de petite taille\n      <\/td>\n      <td style=\"padding:8px; border:1px solid #ddd;\">\n        Non recommand\u00e9 comme traitement principal de la d\u00e9pression\n      <\/td>\n    <\/tr>\n\n    <tr>\n      <th style=\"padding:8px; border:1px solid #ddd; background-color:#00A58C; color:white; font-weight:bold;\">\n        CBD isol\u00e9\n      <\/th>\n      <td style=\"padding:8px; border:1px solid #ddd;\">\n        Effet antid\u00e9presseur potentiel observ\u00e9 dans des mod\u00e8les animaux\n      <\/td>\n      <td style=\"padding:8px; border:1px solid #ddd;\">\n        Donn\u00e9es pr\u00e9cliniques et limit\u00e9es chez l\u2019humain\n      <\/td>\n      <td style=\"padding:8px; border:1px solid #ddd;\">\n        Hypoth\u00e8se prometteuse, mais preuves cliniques insuffisantes\n      <\/td>\n    <\/tr>\n\n    <tr>\n      <th style=\"padding:8px; border:1px solid #ddd; background-color:#00A58C; color:white; font-weight:bold;\">\n        Usage r\u00e9cr\u00e9atif \/ autom\u00e9dication\n      <\/th>\n      <td style=\"padding:8px; border:1px solid #ddd;\">\n        Associ\u00e9 \u00e0 davantage de sympt\u00f4mes d\u00e9pressifs chez certains profils\n      <\/td>\n      <td style=\"padding:8px; border:1px solid #ddd;\">\n        \u00c9tudes observationnelles\n      <\/td>\n      <td style=\"padding:8px; border:1px solid #ddd;\">\n        L\u2019autom\u00e9dication n\u2019est pas recommand\u00e9e en cas de d\u00e9pression clinique\n      <\/td>\n    <\/tr>\n\n    <tr>\n      <th style=\"padding:8px; border:1px solid #ddd; background-color:#00A58C; color:white; font-weight:bold;\">\n        Usage m\u00e9dical sous supervision\n      <\/th>\n      <td style=\"padding:8px; border:1px solid #ddd;\">\n        Certains retours subjectifs indiquent une am\u00e9lioration du bien-\u00eatre\n      <\/td>\n      <td style=\"padding:8px; border:1px solid #ddd;\">\n        Donn\u00e9es observationnelles\n      <\/td>\n      <td style=\"padding:8px; border:1px solid #ddd;\">\n        Peut aider sur des sympt\u00f4mes associ\u00e9s (anxi\u00e9t\u00e9, sommeil), mais pas comme traitement unique\n      <\/td>\n    <\/tr>\n\n  <\/tbody>\n<\/table>\n\n\n\n<h2 class=\"wp-block-heading\"><span class=\"ez-toc-section\" id=\"Tableau_des_risques_et_signaux_dalerte_en_sante_mentale\"><\/span>Tableau des risques et signaux d\u2019alerte en sant\u00e9 mentale<span class=\"ez-toc-section-end\"><\/span><\/h2>\n\n\n\n<p>Avant d\u2019envisager tout produit \u00e0 base de cannabino\u00efdes, il est essentiel de conna\u00eetre les effets ind\u00e9sirables potentiels ainsi que les situations dans lesquelles le risque peut \u00eatre accru.<\/p>\n\n\n\n<table style=\"width:100%; border-collapse: collapse;\">\n\n  <!-- T\u00cdTULO -->\n  <thead>\n    <tr>\n      <th colspan=\"3\" style=\"background-color:#00A58C; color:white; font-weight:bold; font-size:18px; padding:10px; text-align:center;\">\n        Situations et facteurs de risque li\u00e9s \u00e0 l\u2019usage du cannabis\n      <\/th>\n    <\/tr>\n\n    <tr style=\"background-color:#1E252C; color:white; font-weight:bold;\">\n      <th style=\"padding:8px; border:1px solid #ddd;\">Situation \/ Facteur de risque<\/th>\n      <th style=\"padding:8px; border:1px solid #ddd;\">Risque potentiel<\/th>\n      <th style=\"padding:8px; border:1px solid #ddd;\">Recommandation<\/th>\n    <\/tr>\n  <\/thead>\n\n  <tbody>\n\n    <tr>\n      <th style=\"padding:8px; border:1px solid #ddd; background-color:#00A58C; color:white; font-weight:bold;\">\n        Usage fr\u00e9quent de produits riches en THC\n      <\/th>\n      <td style=\"padding:8px; border:1px solid #ddd;\">\n        Augmentation possible de l\u2019anxi\u00e9t\u00e9, des sympt\u00f4mes d\u00e9pressifs ou de la parano\u00efa\n      <\/td>\n      <td style=\"padding:8px; border:1px solid #ddd;\">\n        \u00c0 \u00e9viter sans supervision m\u00e9dicale\n      <\/td>\n    <\/tr>\n\n    <tr>\n      <th style=\"padding:8px; border:1px solid #ddd; background-color:#00A58C; color:white; font-weight:bold;\">\n        Autom\u00e9dication en cas de d\u00e9pression\n      <\/th>\n      <td style=\"padding:8px; border:1px solid #ddd;\">\n        Absence d\u2019am\u00e9lioration ou aggravation des sympt\u00f4mes\n      <\/td>\n      <td style=\"padding:8px; border:1px solid #ddd;\">\n        Consulter un professionnel de sant\u00e9\n      <\/td>\n    <\/tr>\n\n    <tr>\n      <th style=\"padding:8px; border:1px solid #ddd; background-color:#00A58C; color:white; font-weight:bold;\">\n        D\u00e9but de consommation pr\u00e9coce (adolescence)\n      <\/th>\n      <td style=\"padding:8px; border:1px solid #ddd;\">\n        Risque accru de d\u00e9pression \u00e0 long terme\n      <\/td>\n      <td style=\"padding:8px; border:1px solid #ddd;\">\n        \u00c9viter toute consommation r\u00e9cr\u00e9ative ou non indiqu\u00e9e m\u00e9dicalement\n      <\/td>\n    <\/tr>\n\n    <tr>\n      <th style=\"padding:8px; border:1px solid #ddd; background-color:#00A58C; color:white; font-weight:bold;\">\n        Absence de contr\u00f4le des doses\n      <\/th>\n      <td style=\"padding:8px; border:1px solid #ddd;\">\n        R\u00e9ponse impr\u00e9visible selon la personne\n      <\/td>\n      <td style=\"padding:8px; border:1px solid #ddd;\">\n        Personnalisation avec un m\u00e9decin sp\u00e9cialiste\n      <\/td>\n    <\/tr>\n\n  <\/tbody>\n<\/table>\n\n\n\n<h2 class=\"wp-block-heading\"><span class=\"ez-toc-section\" id=\"Difference_entre_cannabis_medical_et_produits_au_CBD_en_vente_libre\"><\/span>Diff\u00e9rence entre cannabis m\u00e9dical et produits au CBD en vente libre<span class=\"ez-toc-section-end\"><\/span><\/h2>\n\n\n\n<p>Dans le d\u00e9bat sur <strong>cannabis et d\u00e9pression<\/strong> ainsi que sur la sant\u00e9 mentale, il est fr\u00e9quent de confondre le cannabis m\u00e9dical prescrit avec les <a href=\"https:\/\/www.growbarato.net\/fr\/598-cbd\" target=\"_blank\" rel=\"noopener\">produits au CBD en vente libre<\/a>. <strong>En France<\/strong>, le cannabis \u00e0 usage m\u00e9dical fait l\u2019objet d\u2019un cadre exp\u00e9rimental et reste <strong>strictement encadr\u00e9 par des sp\u00e9cialistes<\/strong> pour des indications pr\u00e9cises (douleurs chroniques r\u00e9fractaires, spasticit\u00e9, naus\u00e9es li\u00e9es \u00e0 la chimioth\u00e9rapie). \u00c0 ce jour, <strong>il n\u2019est pas indiqu\u00e9 comme traitement principal de la d\u00e9pression<\/strong>.<\/p>\n\n\n<div class=\"wp-block-image\">\n<figure class=\"aligncenter size-full\"><img loading=\"lazy\" decoding=\"async\" width=\"1000\" height=\"450\" src=\"https:\/\/www.growbarato.net\/blog\/wp-content\/uploads\/2026\/02\/depresion-y-cannabis-medicinal-consulta.jpg\" alt=\"Consultation m\u00e9dicale en sant\u00e9 mentale entre un professionnel de sant\u00e9 et un patient \u00e9voquant la d\u00e9pression et le cannabis m\u00e9dical\" class=\"wp-image-221540\" srcset=\"https:\/\/www.gbthegreenbrand.fr\/blog\/wp-content\/uploads\/2026\/02\/depresion-y-cannabis-medicinal-consulta.jpg 1000w, https:\/\/www.gbthegreenbrand.fr\/blog\/wp-content\/uploads\/2026\/02\/depresion-y-cannabis-medicinal-consulta-300x135.jpg 300w, https:\/\/www.gbthegreenbrand.fr\/blog\/wp-content\/uploads\/2026\/02\/depresion-y-cannabis-medicinal-consulta-768x346.jpg 768w\" sizes=\"auto, (max-width: 1000px) 100vw, 1000px\" \/><\/figure>\n<\/div>\n\n\n<p><strong>Ces traitements b\u00e9n\u00e9ficient d\u2019un suivi clinique, de dosages standardis\u00e9s et d\u2019une \u00e9valuation r\u00e9guli\u00e8re<\/strong>. En revanche, de nombreux <a href=\"https:\/\/www.growbarato.net\/fr\/716-gb-cbd\" target=\"_blank\" rel=\"noopener\">produits au CBD<\/a> disponibles en magasin ou en ligne ne sont pas r\u00e9glement\u00e9s comme des m\u00e9dicaments&nbsp;: leur qualit\u00e9, leur concentration en cannabino\u00efdes et la pr\u00e9sence \u00e9ventuelle de traces de THC peuvent varier de mani\u00e8re significative.<\/p>\n\n\n\n<h2 class=\"wp-block-heading\"><span class=\"ez-toc-section\" id=\"Risques_et_effets_secondaires_a_connaitre\"><\/span>Risques et effets secondaires \u00e0 conna\u00eetre<span class=\"ez-toc-section-end\"><\/span><\/h2>\n\n\n\n<p>Bien que le CBD pr\u00e9sente un profil de s\u00e9curit\u00e9 relativement favorable par rapport au THC, <strong>des doses \u00e9lev\u00e9es de THC peuvent entra\u00eener des effets psychoactifs<\/strong> tels que l\u2019anxi\u00e9t\u00e9, la parano\u00efa ou une alt\u00e9ration des fonctions cognitives, en particulier chez les personnes vuln\u00e9rables ou en cas de consommation fr\u00e9quente.<\/p>\n\n\n\n<p>Certaines \u00e9tudes indiquent qu\u2019un usage chronique de cannabis \u00e0 <strong>forte teneur en THC<\/strong>, notamment en dehors d\u2019un cadre th\u00e9rapeutique, peut \u00eatre associ\u00e9 \u00e0 une aggravation des sympt\u00f4mes d\u00e9pressifs chez certains profils. C\u2019est pourquoi, en contexte m\u00e9dical, <strong>les formulations contr\u00f4l\u00e9es sont privil\u00e9gi\u00e9es<\/strong>, avec des ratios plus \u00e9quilibr\u00e9s ou une pr\u00e9dominance de CBD, toujours sous supervision professionnelle.<\/p>\n\n\n\n<p>Des <strong>interactions m\u00e9dicamenteuses<\/strong> sont \u00e9galement possibles (par exemple avec des antid\u00e9presseurs ISRS ou IRSN). Il est donc indispensable de consulter un professionnel de sant\u00e9 avant d\u2019associer cannabino\u00efdes et traitement antid\u00e9presseur.<\/p>\n\n\n\n<h2 class=\"wp-block-heading\"><span class=\"ez-toc-section\" id=\"Comment_en_parler_a_un_professionnel_si_la_depression_vous_inquiete\"><\/span>Comment en parler \u00e0 un professionnel si la d\u00e9pression vous inqui\u00e8te&nbsp;?<span class=\"ez-toc-section-end\"><\/span><\/h2>\n\n\n\n<p>Si vous envisagez l\u2019usage de cannabis m\u00e9dical ou de CBD pour g\u00e9rer une d\u00e9pression ou des sympt\u00f4mes associ\u00e9s&nbsp;:<\/p>\n\n\n\n<p><strong>1. Pr\u00e9parez les informations essentielles avant la consultation&nbsp;:<\/strong><\/p>\n\n\n\n<ul class=\"wp-block-list\">\n<li>Sympt\u00f4mes dominants (dur\u00e9e, intensit\u00e9, impact sur la vie quotidienne).<\/li>\n\n\n\n<li>Traitements ant\u00e9rieurs (m\u00e9dicaments, psychoth\u00e9rapie, changements d\u2019hygi\u00e8ne de vie).<\/li>\n\n\n\n<li>Traitements en cours (y compris compl\u00e9ments alimentaires ou produits au CBD).<br><\/li>\n<\/ul>\n\n\n\n<p><strong>2. Pendant l\u2019\u00e9change, d\u00e9finissez des objectifs clairs&nbsp;:<\/strong><br>Pr\u00e9cisez ce que vous souhaitez am\u00e9liorer (qualit\u00e9 du sommeil, r\u00e9duction de l\u2019anxi\u00e9t\u00e9, regain d\u2019\u00e9nergie) afin de faciliter une \u00e9valuation personnalis\u00e9e.<\/p>\n\n\n\n<p><strong>3. Signaux d\u2019alerte \u00e0 ne pas ignorer&nbsp;:<\/strong><\/p>\n\n\n\n<ul class=\"wp-block-list\">\n<li>Augmentation des sentiments de tristesse ou de d\u00e9sespoir.<\/li>\n\n\n\n<li>Pens\u00e9es suicidaires ou comportements d\u2019automutilation.<\/li>\n\n\n\n<li>Isolement social marqu\u00e9 ou d\u00e9gradation du fonctionnement quotidien.<\/li>\n<\/ul>\n\n\n\n<p>Dans ces situations, recherchez une aide m\u00e9dicale imm\u00e9diate. Si vous vous sentez d\u00e9pass\u00e9(e), avec des pens\u00e9es persistantes de d\u00e9sespoir ou un risque de vous faire du mal, parler \u00e0 un professionnel peut faire la diff\u00e9rence. En France, des ressources gratuites et confidentielles sont disponibles&nbsp;:<\/p>\n\n\n\n<ul class=\"wp-block-list\">\n<li><strong>3114<\/strong> : Num\u00e9ro national de pr\u00e9vention du suicide, gratuit, confidentiel et disponible 24h\/24 et 7j\/7.<\/li>\n\n\n\n<li><strong>SOS Amiti\u00e9<\/strong> : 09 72 39 40 50, \u00e9coute anonyme 24h\/24.<\/li>\n\n\n\n<li>En cas d\u2019urgence vitale, appelez le <strong>15 (SAMU)<\/strong> ou le <strong>112<\/strong>.<\/li>\n<\/ul>\n\n\n\n<p>Demander de l\u2019aide n\u2019est pas un signe de faiblesse, mais une d\u00e9marche responsable pour prendre soin de sa sant\u00e9 mentale.<\/p>\n\n\n\n<p>\u00c0 ce jour, la d\u00e9pression ne constitue pas une indication clinique principale du cannabis m\u00e9dical. N\u00e9anmoins, la recherche sur les cannabino\u00efdes continue d\u2019\u00e9voluer et <strong>leur r\u00f4le potentiel en compl\u00e9ment pour certains sympt\u00f4mes associ\u00e9s reste un sujet d\u2019int\u00e9r\u00eat scientifique<\/strong>, notamment dans le contexte du d\u00e9bat sur <strong>cannabis et d\u00e9pression<\/strong>.<\/p>\n\n\n\n<figure class=\"wp-block-image size-large\"><img loading=\"lazy\" decoding=\"async\" width=\"1024\" height=\"576\" src=\"https:\/\/www.growbarato.net\/blog\/wp-content\/uploads\/2026\/02\/Bajo-estado-de-animo-1024x576.jpg\" alt=\"Personne anxieuse assise dans une posture r\u00e9flexive, illustrant des pens\u00e9es envahissantes et un mal-\u00eatre \u00e9motionnel\" class=\"wp-image-221552\" srcset=\"https:\/\/www.gbthegreenbrand.fr\/blog\/wp-content\/uploads\/2026\/02\/Bajo-estado-de-animo-1024x576.jpg 1024w, https:\/\/www.gbthegreenbrand.fr\/blog\/wp-content\/uploads\/2026\/02\/Bajo-estado-de-animo-300x169.jpg 300w, https:\/\/www.gbthegreenbrand.fr\/blog\/wp-content\/uploads\/2026\/02\/Bajo-estado-de-animo-768x432.jpg 768w, https:\/\/www.gbthegreenbrand.fr\/blog\/wp-content\/uploads\/2026\/02\/Bajo-estado-de-animo-1536x864.jpg 1536w, https:\/\/www.gbthegreenbrand.fr\/blog\/wp-content\/uploads\/2026\/02\/Bajo-estado-de-animo-2048x1152.jpg 2048w, https:\/\/www.gbthegreenbrand.fr\/blog\/wp-content\/uploads\/2026\/02\/Bajo-estado-de-animo-480x270.jpg 480w, https:\/\/www.gbthegreenbrand.fr\/blog\/wp-content\/uploads\/2026\/02\/Bajo-estado-de-animo-1200x675.jpg 1200w, https:\/\/www.gbthegreenbrand.fr\/blog\/wp-content\/uploads\/2026\/02\/Bajo-estado-de-animo-1980x1114.jpg 1980w, https:\/\/www.gbthegreenbrand.fr\/blog\/wp-content\/uploads\/2026\/02\/Bajo-estado-de-animo-1320x743.jpg 1320w\" sizes=\"auto, (max-width: 1024px) 100vw, 1024px\" \/><\/figure>\n\n\n\n<p>Bien que le CBD et d\u2019autres cannabino\u00efdes fassent l\u2019objet d\u2019\u00e9tudes continues, les donn\u00e9es actuelles ne permettent pas de recommander le cannabis comme traitement direct de la d\u00e9pression. Le r\u00f4le des <strong>cannabino\u00efdes dans la prise en charge de la d\u00e9pression<\/strong> demeure compl\u00e9mentaire et doit toujours s\u2019inscrire dans un cadre m\u00e9dical.<\/p>\n\n\n\n<p>L\u2019approche la plus efficace reste une prise en charge globale fond\u00e9e sur l\u2019accompagnement par des professionnels de sant\u00e9 mentale, la psychoth\u00e9rapie, des habitudes de vie saines et des traitements valid\u00e9s scientifiquement. Le cannabis m\u00e9dical peut, dans certains cas, contribuer \u00e0 soulager des <strong>sympt\u00f4mes associ\u00e9s<\/strong> comme l\u2019insomnie ou l\u2019anxi\u00e9t\u00e9, mais <strong>ne doit jamais remplacer un traitement reconnu sans supervision m\u00e9dicale<\/strong>.<\/p>\n\n\n\n<style>\n  .accordion-container {\n    width: 100%;\n    margin: 0 0 20px;\n    clear: both;\n  }\n  h3.accordion-titulo {\n    margin-bottom: 0;\n    margin-top: 2%;\n  }\n  .accordion-titulo {\n    position: relative;\n    display: block;\n    padding: 10px 20px;\n    font-size: 18px;\n    font-weight: 300;\n    border: 1px solid #000;\n    color: #000;\n    text-decoration: none;\n    cursor: pointer;\n  }\n  .accordion-titulo.open {\n    color: #00ab8e;\n    border-color: #00ab8e;\n  }\n  .accordion-titulo:hover {\n    color: #00ab8e;\n    border-color: #00ab8e;\n  }\n  .accordion-titulo span.toggle-icon:before {\n    content:\"+\";\n  }\n  .accordion-titulo.open span.toggle-icon:before {\n    content:\"-\";\n  }\n  .accordion-titulo span.toggle-icon {\n    position: absolute;\n    top: 6px;\n    right: 20px;\n    font-size: 26px;\n    font-weight: bold;\n  }\n  .accordion-content {\n    display: none;\n    padding: 20px;\n    overflow: auto;\n    font-family: 'Roboto', sans-serif;\n    font-size: 16px;\n  }\n  @media (max-width: 767px) {\n    h3.accordion-titulo {\n      padding-right: 12%;\n    }\n  }\n<\/style>\n\n<script>\n  jQuery(document).ready(function($) {\n    $(\".accordion-titulo\").click(function(){\n      var contenido = $(this).next(\".accordion-content\");\n      if (contenido.css(\"display\") === \"none\") {\n        contenido.slideDown(250);\n        $(this).addClass(\"open\");\n      } else {\n        contenido.slideUp(250);\n        $(this).removeClass(\"open\");\n      }\n    });\n  });\n<\/script>\n\n<div class=\"accordion-container\" itemscope itemtype=\"https:\/\/schema.org\/FAQPage\" style=\"width: 80%; max-width: 100%\">\n  <h2 style=\"width: 100% !important;\"><span class=\"ez-toc-section\" id=\"FAQ_sur_cannabis_et_depression\"><\/span>FAQ sur cannabis et d\u00e9pression<span class=\"ez-toc-section-end\"><\/span><\/h2>\n\n  <!-- FAQ 1 -->\n  <div itemscope itemprop=\"mainEntity\" itemtype=\"https:\/\/schema.org\/Question\">\n    <h3 itemprop=\"name\" class=\"accordion-titulo\" style=\"width: 100% !important;\"><span class=\"ez-toc-section\" id=\"Le_cannabis_medical_ou_le_CBD_peuvent-ils_aggraver_une_depression_au_lieu_daider\"><\/span>\n      Le cannabis m\u00e9dical ou le CBD peuvent-ils aggraver une d\u00e9pression au lieu d\u2019aider&nbsp;?\n      <span class=\"toggle-icon\"><\/span>\n    <span class=\"ez-toc-section-end\"><\/span><\/h3>\n    <div class=\"accordion-content\" itemscope itemprop=\"acceptedAnswer\" itemtype=\"https:\/\/schema.org\/Answer\">\n      <div itemprop=\"text\">\n        Oui. Certaines \u00e9tudes observationnelles sugg\u00e8rent qu\u2019un usage fr\u00e9quent de cannabis, en particulier avec <b>un taux \u00e9lev\u00e9 de THC<\/b>, peut \u00eatre associ\u00e9 \u00e0 <b>une augmentation des sympt\u00f4mes d\u00e9pressifs ou anxieux<\/b> \u00e0 long terme chez certaines personnes. En cas de d\u00e9pression, une approche prudente et encadr\u00e9e est donc essentielle.\n      <\/div>\n    <\/div>\n  <\/div>\n\n  <!-- FAQ 2 -->\n  <div itemscope itemprop=\"mainEntity\" itemtype=\"https:\/\/schema.org\/Question\">\n    <h3 itemprop=\"name\" class=\"accordion-titulo\" style=\"width: 100% !important;\"><span class=\"ez-toc-section\" id=\"Quelle_est_la_difference_entre_cannabis_medical_prescrit_et_huilesfleurs_de_CBD_vendues_dans_le_commerce\"><\/span>\n      Quelle est la diff\u00e9rence entre cannabis m\u00e9dical prescrit et huiles\/fleurs de CBD vendues dans le commerce&nbsp;?\n      <span class=\"toggle-icon\"><\/span>\n    <span class=\"ez-toc-section-end\"><\/span><\/h3>\n    <div class=\"accordion-content\" itemscope itemprop=\"acceptedAnswer\" itemtype=\"https:\/\/schema.org\/Answer\">\n      <div itemprop=\"text\">\n        Le cannabis m\u00e9dical est utilis\u00e9 sous <b>supervision m\u00e9dicale<\/b>, avec des <b>doses contr\u00f4l\u00e9es<\/b> et des produits <b>standardis\u00e9s<\/b>. Les produits commerciaux au CBD ne sont pas r\u00e9glement\u00e9s comme des m\u00e9dicaments&nbsp;: leur <b>qualit\u00e9, concentration et \u00e9ventuelles traces de THC<\/b> peuvent varier selon les marques et les lots.\n      <\/div>\n    <\/div>\n  <\/div>\n\n  <!-- FAQ 3 -->\n  <div itemscope itemprop=\"mainEntity\" itemtype=\"https:\/\/schema.org\/Question\">\n    <h3 itemprop=\"name\" class=\"accordion-titulo\" style=\"width: 100% !important;\"><span class=\"ez-toc-section\" id=\"Peut-on_associer_cannabis_medical_ou_CBD_avec_des_antidepresseurs_ISRSIRSN_sans_risque\"><\/span>\n      Peut-on associer cannabis m\u00e9dical ou CBD avec des antid\u00e9presseurs (ISRS\/IRSN) sans risque&nbsp;?\n      <span class=\"toggle-icon\"><\/span>\n    <span class=\"ez-toc-section-end\"><\/span><\/h3>\n    <div class=\"accordion-content\" itemscope itemprop=\"acceptedAnswer\" itemtype=\"https:\/\/schema.org\/Answer\">\n      <div itemprop=\"text\">\n        Des <b>interactions<\/b> peuvent exister entre cannabino\u00efdes et antid\u00e9presseurs. Avant toute association avec des ISRS\/IRSN, demandez conseil \u00e0 votre <b>m\u00e9decin ou pharmacien<\/b> afin d\u2019\u00e9viter effets ind\u00e9sirables, somnolence excessive ou alt\u00e9ration de l\u2019efficacit\u00e9 du traitement.\n      <\/div>\n    <\/div>\n  <\/div>\n\n  <!-- FAQ 4 -->\n  <div itemscope itemprop=\"mainEntity\" itemtype=\"https:\/\/schema.org\/Question\">\n    <h3 itemprop=\"name\" class=\"accordion-titulo\" style=\"width: 100% !important;\"><span class=\"ez-toc-section\" id=\"Peut-on_etre_positif_a_un_test_de_depistage_en_utilisant_des_produits_au_CBD\"><\/span>\n      Peut-on \u00eatre positif \u00e0 un test de d\u00e9pistage en utilisant des produits au CBD&nbsp;?\n      <span class=\"toggle-icon\"><\/span>\n    <span class=\"ez-toc-section-end\"><\/span><\/h3>\n    <div class=\"accordion-content\" itemscope itemprop=\"acceptedAnswer\" itemtype=\"https:\/\/schema.org\/Answer\">\n      <div itemprop=\"text\">\n        Oui. Si le produit contient des <b>traces de THC<\/b>, un test de d\u00e9pistage peut \u00eatre positif, m\u00eame en cas d\u2019usage bien-\u00eatre ou \u201cm\u00e9dicinal\u201d non prescrit. Si cela repr\u00e9sente un risque pour vous, privil\u00e9giez des produits avec analyses certifi\u00e9es et <b>0,0&nbsp;% de THC<\/b> v\u00e9rifiable.\n      <\/div>\n    <\/div>\n  <\/div>\n\n  <!-- FAQ 5 -->\n  <div itemscope itemprop=\"mainEntity\" itemtype=\"https:\/\/schema.org\/Question\">\n    <h3 itemprop=\"name\" class=\"accordion-titulo\" style=\"width: 100% !important;\"><span class=\"ez-toc-section\" id=\"En_cas_de_depression_quelles_alternatives_avec_preuves_solides_privilegier_avant_denvisager_les_cannabinoides\"><\/span>\n      En cas de d\u00e9pression, quelles alternatives avec preuves solides privil\u00e9gier avant d\u2019envisager les cannabino\u00efdes&nbsp;?\n      <span class=\"toggle-icon\"><\/span>\n    <span class=\"ez-toc-section-end\"><\/span><\/h3>\n    <div class=\"accordion-content\" itemscope itemprop=\"acceptedAnswer\" itemtype=\"https:\/\/schema.org\/Answer\">\n      <div itemprop=\"text\">\n        Les approches les mieux valid\u00e9es incluent la <b>psychoth\u00e9rapie<\/b> (comme la th\u00e9rapie cognitivo-comportementale), un <b>traitement m\u00e9dicamenteux<\/b> prescrit si n\u00e9cessaire et des <b>changements d\u2019hygi\u00e8ne de vie<\/b> (activit\u00e9 physique, sommeil, gestion du stress). Les cannabino\u00efdes doivent \u00eatre envisag\u00e9s, au mieux, comme un <b>compl\u00e9ment<\/b> et jamais comme un substitut aux traitements valid\u00e9s.\n      <\/div>\n    <\/div>\n  <\/div>\n\n<\/div>\n\n\n\n<p><br><br><\/p>\n<div style='text-align:center' class='yasr-auto-insert-visitor'><\/div>","protected":false},"excerpt":{"rendered":"<p>Il arrive que le moral ne remonte pas, que le sommeil ne soit pas r\u00e9parateur et que tout semble plus difficile que d\u2019habitude. Lorsque cette situation s\u2019installe dans la dur\u00e9e, il est l\u00e9gitime de se demander s\u2019il existe d\u2019autres solutions pour mieux faire face, notamment lorsque les traitements classiques ne donnent pas les r\u00e9sultats attendus\u2026 <span class=\"leermas\" onclick=\"window.location.href='https:\/\/www.gbthegreenbrand.fr\/blog\/cannabis-et-depression\/'\">Lire la suite<\/span ><\/p>\n","protected":false},"author":18,"featured_media":221575,"comment_status":"open","ping_status":"closed","sticky":false,"template":"","format":"standard","meta":{"wprm-recipe-roundup-name":"","wprm-recipe-roundup-description":"","yasr_overall_rating":0,"yasr_post_is_review":"","yasr_auto_insert_disabled":"","yasr_review_type":"","footnotes":""},"categories":[262],"tags":[],"class_list":["post-222837","post","type-post","status-publish","format-standard","has-post-thumbnail","hentry","category-cannabis-therapeutique-fr"],"yasr_visitor_votes":{"stars_attributes":{"read_only":false,"span_bottom":false},"number_of_votes":1,"sum_votes":4},"_links":{"self":[{"href":"https:\/\/www.gbthegreenbrand.fr\/blog\/wp-json\/wp\/v2\/posts\/222837","targetHints":{"allow":["GET"]}}],"collection":[{"href":"https:\/\/www.gbthegreenbrand.fr\/blog\/wp-json\/wp\/v2\/posts"}],"about":[{"href":"https:\/\/www.gbthegreenbrand.fr\/blog\/wp-json\/wp\/v2\/types\/post"}],"author":[{"embeddable":true,"href":"https:\/\/www.gbthegreenbrand.fr\/blog\/wp-json\/wp\/v2\/users\/18"}],"replies":[{"embeddable":true,"href":"https:\/\/www.gbthegreenbrand.fr\/blog\/wp-json\/wp\/v2\/comments?post=222837"}],"version-history":[{"count":2,"href":"https:\/\/www.gbthegreenbrand.fr\/blog\/wp-json\/wp\/v2\/posts\/222837\/revisions"}],"predecessor-version":[{"id":223857,"href":"https:\/\/www.gbthegreenbrand.fr\/blog\/wp-json\/wp\/v2\/posts\/222837\/revisions\/223857"}],"wp:featuredmedia":[{"embeddable":true,"href":"https:\/\/www.gbthegreenbrand.fr\/blog\/wp-json\/wp\/v2\/media\/221575"}],"wp:attachment":[{"href":"https:\/\/www.gbthegreenbrand.fr\/blog\/wp-json\/wp\/v2\/media?parent=222837"}],"wp:term":[{"taxonomy":"category","embeddable":true,"href":"https:\/\/www.gbthegreenbrand.fr\/blog\/wp-json\/wp\/v2\/categories?post=222837"},{"taxonomy":"post_tag","embeddable":true,"href":"https:\/\/www.gbthegreenbrand.fr\/blog\/wp-json\/wp\/v2\/tags?post=222837"}],"curies":[{"name":"wp","href":"https:\/\/api.w.org\/{rel}","templated":true}]}}